{"id":265984,"date":"2026-05-01T14:32:10","date_gmt":"2026-05-01T14:32:10","guid":{"rendered":"https:\/\/befve.com\/?p=265984"},"modified":"2026-05-01T14:32:12","modified_gmt":"2026-05-01T14:32:12","slug":"le-prix-de-25-e-kg-pour-paques-en-belgique-est-aujoudhui-reduit-de-moitie-pour-le-meme-produit-par-freshplaza-et-bossuyt","status":"publish","type":"post","link":"https:\/\/befve.com\/en\/le-prix-de-25-e-kg-pour-paques-en-belgique-est-aujoudhui-reduit-de-moitie-pour-le-meme-produit-par-freshplaza-et-bossuyt\/","title":{"rendered":"\u00ab Le prix de 25 \u20ac\/kg pour P\u00e2ques en Belgique  est aujoud&#8217;hui r\u00e9duit de moiti\u00e9 pour le m\u00eame produit \u00bb par FreshPlaza et Bossuyt"},"content":{"rendered":"\n<p><a>FreshPlaza.fr<\/a><\/p>\n\n\n\n<p>Asparagus Bossuyt (Belgique)<\/p>\n\n\n\n<h1 class=\"wp-block-heading\">\u00ab Le prix de 25 \u20ac\/kg pour P\u00e2ques est aujoud&#8217;hui r\u00e9duit de moiti\u00e9 pour le m\u00eame produit \u00bb<\/h1>\n\n\n\n<p>La saison des asperges bat son plein et les ventes d&#8217;Asperges Bossuyt se poursuivent \u00e0 un rythme soutenu. L&#8217;entreprise dispose d\u00e9sormais de trois pop-up stores \u00e0 Knokke-Heist, Kuurne et Roulers, en plus de son emplacement permanent dans sa propre exploitation \u00e0 Oostrozebeke. \u00ab \u00c0 Roulers, nous avons commenc\u00e9 depuis environ deux semaines et avons encore besoin d&#8217;un peu de temps avant de tourner \u00e0 plein r\u00e9gime. Les consommateurs doivent se familiariser avec le concept, mais \u00e0 Kuurne et surtout \u00e0 Knokke, cela fonctionne particuli\u00e8rement bien \u00bb, d\u00e9clare Kris Bossuyt, cultivateur et n\u00e9gociant.<\/p>\n\n\n\n<figure class=\"wp-block-image\"><img decoding=\"async\" src=\"https:\/\/www.freshplaza.fr\/remote\/https\/agfstorage.blob.core.windows.net\/misc\/AGF_nl\/2025\/03\/18\/bossuyt2.jpg?preset=ContentFullSmall\" alt=\"\"\/><\/figure>\n\n\n\n<p>Pour Bossuyt, les ventes en propre repr\u00e9sentent toujours une partie importante de l&#8217;entreprise, qu&#8217;il continue \u00e0 d\u00e9velopper petit \u00e0 petit. \u00ab J&#8217;essaie de vendre autant que possible en direct. Le contact avec les clients me donne de l&#8217;\u00e9nergie. Evidemment, je ne peux pas \u00eatre partout \u00e0 la fois, mais j&#8217;essaie de faire la navette entre les boutiques. Actuellement, nous travaillons avec trois points de vente diff\u00e9rents. \u00c0 Knokke, nous avons un emplacement fixe. Nous avons \u00e9galement un stand de 4&#215;4 m dans un centre commercial \u00e0 Kuurne et \u00e0 Roulers, nous avons ouvert un magasin depuis le 14 avril. \u00bb<\/p>\n\n\n\n<p>\u00ab Chaque type d&#8217;emplacement a sa propre dynamique. En semaine, il y a toujours des moments plus tranquilles, mais le mardi, lorsqu&#8217;il y a un march\u00e9, nous constatons clairement une plus grande affluence. Le vendredi est \u00e9galement un jour fort. Les lundis restent g\u00e9n\u00e9ralement un peu plus calmes et les autres jours sont variables, en fonction du temps et de l&#8217;affluence dans la r\u00e9gion. Dans l&#8217;ensemble, nous ne pouvons pas nous plaindre. La saison reste cependant difficile \u00e0 \u00e9valuer \u00e0 ce stade. Pour les asperges, elle est relativement courte et ce n&#8217;est qu&#8217;\u00e0 la fin que l&#8217;on peut vraiment juger de l&#8217;\u00e9volution. Le mois de mai, le plus important, est \u00e0 notre porte ! \u00bb<\/p>\n\n\n\n<figure class=\"wp-block-image\"><img decoding=\"async\" src=\"https:\/\/www.freshplaza.fr\/remote\/https\/agfstorage.blob.core.windows.net\/misc\/AGF_nl\/2026\/03\/12\/bossuyt.jpg?preset=ContentFullSmall\" alt=\"\"\/><\/figure>\n\n\n\n<p><strong>Maintenir des prix aussi stables que possible<br><\/strong>Pour Bossuyt, les ventes se d\u00e9roulent pour le mieux. \u00ab Les marges ne sont pas sous pression. En Belgique, on constate que les asperges se n\u00e9gocient parfois \u00e0 moins de 5 \u20ac\/kg, mais je ne descends pas en dessous de 10. Lorsque les prix d&#8217;achat sont \u00e9lev\u00e9s, la marge diminue \u00e9videmment, mais cela est compens\u00e9 plus tard dans la saison. Ma strat\u00e9gie consiste \u00e0 maintenir les prix de vente aussi stables que possible. Si les consommateurs sont pr\u00eats \u00e0 payer 25 \u20ac\/kg \u00e0 P\u00e2ques, un prix r\u00e9duit de moiti\u00e9 en mai reste r\u00e9aliste pour le m\u00eame produit. \u00bb<\/p>\n\n\n\n<p>\u00ab La qualit\u00e9 ne change pas, seule l&#8217;offre fluctue, comme les prix d&#8217;achat. Mais je choisis consciemment de ne pas r\u00e9percuter int\u00e9gralement ces variations sur le client. Cela cr\u00e9e un climat de confiance et permet de fid\u00e9liser les clients. \u00bb<\/p>\n\n\n\n<p>En ce qui concerne les asperges vertes, Bossuyt est \u00e9galement satisfait. \u00ab Bien que les volumes ne soient pas encore \u00e0 leur maximum. Cela est principalement d\u00fb aux conditions m\u00e9t\u00e9orologiques. Les nuits sont encore froides et il y a un fort vent du nord-est qui ralentit la croissance. La production n&#8217;est donc pas encore tout \u00e0 fait au rendez-vous alors que le niveau de prix se situe actuellement autour de 7 \u20ac\/kg, ce qui est correct. \u00bb<\/p>\n\n\n\n<p><strong>Propre produit<\/strong><br>Bossuyt ne consid\u00e8re pas vraiment la grande distribution comme un concurrent, car selon lui, le groupe cible est diff\u00e9rent. \u00ab Bien que la GMS fasse parfois des promos importantes, cela ne me nuit pas. La qualit\u00e9 n&#8217;est tout simplement pas comparable. Nos points de vente se situent parfois \u00e0 c\u00f4t\u00e9 d&#8217;un supermarch\u00e9, mais la diff\u00e9rence de produit est clairement perceptible pour le client. Nous op\u00e9rons dans un segment diff\u00e9rent. \u00bb<\/p>\n\n\n\n<figure class=\"wp-block-image\"><img decoding=\"async\" src=\"https:\/\/www.freshplaza.fr\/remote\/https\/agfstorage.blob.core.windows.net\/misc\/AGF_nl\/2026\/03\/12\/bossuyt3.jpg?preset=ContentFullSmall\" alt=\"\"\/><\/figure>\n\n\n\n<p>Bossuyt commercialise autant que possible avec ses propres asperges. \u00ab C&#8217;est important pour garantir la fra\u00eecheur et la qualit\u00e9. Ce n&#8217;est que lorsqu&#8217;il y a une demande sp\u00e9cifique ou que nous ne disposons pas d&#8217;un volume suffisant, par exemple dans les calibres les plus gros, que nous achetons. Mais cela reste accessoire et le principe de base reste que nous vendons le plus possible de produits issus de notre propre culture. \u00bb<\/p>\n\n\n\n<p><strong>Un mois de mai charg\u00e9<\/strong><br>La p\u00e9riode de cong\u00e9s qui arrive \u00e0 son terme repr\u00e9sente une sorte de calme avant la temp\u00eate, la p\u00e9riode la plus charg\u00e9e \u00e9tant encore \u00e0 venir. \u00ab Il y a pas beaucoup de jours f\u00e9ri\u00e9s en Belgique. Nous avons plusieurs week-ends prolong\u00e9s d&#8217;affil\u00e9e, ce qui cr\u00e9e g\u00e9n\u00e9ralement une demande suppl\u00e9mentaire. Nous entrons dans le troisi\u00e8me mois de la saison et les volumes devraient normalement continuer \u00e0 augmenter. Seulement \u00e0 la mi-juin, l&#8217;offre diminue g\u00e9n\u00e9ralement. Il nous reste donc encore environ six semaines, le mois de mai \u00e9tant vraiment crucial pour nous. \u00bb<\/p>\n\n\n\n<p>\u00ab P\u00e2ques est tomb\u00e9 assez t\u00f4t cette ann\u00e9e, ce qui n&#8217;a pas \u00e9t\u00e9 favorable \u00e0 tout le monde. Aujourd&#8217;hui, la saison commence vraiment \u00e0 d\u00e9coller. De plus en plus de f\u00eates sont organis\u00e9es et le secteur de l&#8217;h\u00f4tellerie est de nouveau en pleine effervescence. Les terrasses jouent un r\u00f4le important \u00e0 cet \u00e9gard, m\u00eame si le temps n&#8217;est pas tr\u00e8s favorable en ce moment. Le vent vif du nord-est fait qu&#8217;il n&#8217;est pas tr\u00e8s agr\u00e9able de rester assis dehors. D\u00e8s que les temp\u00e9ratures augmenteront, cela donnera un coup de fouet aux ventes. \u00bb<\/p>\n\n\n\n<p>Pour plus d&#8217;informations :<br>Kris Bossuyt<br><strong>Asperges Bossuyt<\/strong><br>T\u00e9l. : +32 472801140<br><a href=\"mailto:info@verseasperges.be?subject=Reactie op AGF.nl artikel\" target=\"_blank\" rel=\"noreferrer noopener\">info@verseasperges.be<\/a><br><a href=\"http:\/\/www.verseasperges.be\" target=\"_blank\" rel=\"noreferrer noopener\">www.verseasperges.be<\/a> Date de publication: jeu. 30 avr. 2026<\/p>\n\n\n\n<p>\u00a9 <a href=\"https:\/\/www.FreshPlaza.fr\">FreshPlaza.fr<\/a> \/ <a href=\"mailto:jannick@agf.nl?subject=Reactie op \u00ab Le prix de 25 \u20ac\/kg pour P\u00e2ques est aujoud'hui r\u00e9duit de moiti\u00e9 pour le m\u00eame produit \u00bb\">Jannick Flach<\/a><\/p>\n","protected":false},"excerpt":{"rendered":"<p>FreshPlaza.fr Asparagus Bossuyt (Belgique) \u00ab Le prix de 25 \u20ac\/kg pour P\u00e2ques est aujoud&#8217;hui r\u00e9duit de moiti\u00e9 pour le m\u00eame produit \u00bb La saison des asperges bat son plein et les ventes d&#8217;Asperges Bossuyt se poursuivent \u00e0 un rythme soutenu. L&#8217;entreprise dispose d\u00e9sormais de trois pop-up stores \u00e0 Knokke-Heist, Kuurne et Roulers, en plus de [&hellip;]<\/p>\n","protected":false},"author":7,"featured_media":37267,"comment_status":"closed","ping_status":"closed","sticky":false,"template":"","format":"standard","meta":{"_acf_changed":false,"iawp_total_views":0,"footnotes":""},"categories":[1],"tags":[],"class_list":["post-265984","post","type-post","status-publish","format-standard","has-post-thumbnail","hentry","category-non-categorise"],"acf":[],"yoast_head":"<!-- This site is optimized with the Yoast SEO plugin v27.5 - https:\/\/yoast.com\/product\/yoast-seo-wordpress\/ -->\n<title>\u00ab Le prix de 25 \u20ac\/kg pour P\u00e2ques en Belgique est aujoud&#039;hui r\u00e9duit de moiti\u00e9 pour le m\u00eame produit \u00bb par FreshPlaza et Bossuyt - Befve &amp; Co<\/title>\n<meta name=\"robots\" content=\"index, follow, max-snippet:-1, max-image-preview:large, max-video-preview:-1\" \/>\n<link rel=\"canonical\" href=\"https:\/\/befve.com\/en\/le-prix-de-25-e-kg-pour-paques-en-belgique-est-aujoudhui-reduit-de-moitie-pour-le-meme-produit-par-freshplaza-et-bossuyt\/\" \/>\n<meta property=\"og:locale\" content=\"en_US\" \/>\n<meta property=\"og:type\" content=\"article\" \/>\n<meta property=\"og:title\" content=\"\u00ab Le prix de 25 \u20ac\/kg pour P\u00e2ques en Belgique est aujoud&#039;hui r\u00e9duit de moiti\u00e9 pour le m\u00eame produit \u00bb par FreshPlaza et Bossuyt - Befve &amp; Co\" \/>\n<meta property=\"og:description\" content=\"FreshPlaza.fr Asparagus Bossuyt (Belgique) \u00ab Le prix de 25 \u20ac\/kg pour P\u00e2ques est aujoud&#8217;hui r\u00e9duit de moiti\u00e9 pour le m\u00eame produit \u00bb La saison des asperges bat son plein et les ventes d&#8217;Asperges Bossuyt se poursuivent \u00e0 un rythme soutenu. L&#8217;entreprise dispose d\u00e9sormais de trois pop-up stores \u00e0 Knokke-Heist, Kuurne et Roulers, en plus de [&hellip;]\" \/>\n<meta property=\"og:url\" content=\"https:\/\/befve.com\/en\/le-prix-de-25-e-kg-pour-paques-en-belgique-est-aujoudhui-reduit-de-moitie-pour-le-meme-produit-par-freshplaza-et-bossuyt\/\" \/>\n<meta property=\"og:site_name\" content=\"Befve &amp; Co\" \/>\n<meta property=\"article:published_time\" content=\"2026-05-01T14:32:10+00:00\" \/>\n<meta property=\"article:modified_time\" content=\"2026-05-01T14:32:12+00:00\" \/>\n<meta property=\"og:image\" content=\"https:\/\/befve.com\/wp-content\/uploads\/articles-1.jpg\" \/>\n\t<meta property=\"og:image:width\" content=\"2444\" \/>\n\t<meta property=\"og:image:height\" content=\"1020\" \/>\n\t<meta property=\"og:image:type\" content=\"image\/jpeg\" \/>\n<meta name=\"author\" content=\"Christian\" \/>\n<meta name=\"twitter:card\" content=\"summary_large_image\" \/>\n<meta name=\"twitter:label1\" content=\"Written by\" \/>\n\t<meta name=\"twitter:data1\" content=\"Christian\" \/>\n\t<meta name=\"twitter:label2\" content=\"Est. reading time\" \/>\n\t<meta name=\"twitter:data2\" content=\"6 minutes\" \/>\n<script type=\"application\/ld+json\" class=\"yoast-schema-graph\">{\"@context\":\"https:\\\/\\\/schema.org\",\"@graph\":[{\"@type\":\"Article\",\"@id\":\"https:\\\/\\\/befve.com\\\/en\\\/le-prix-de-25-e-kg-pour-paques-en-belgique-est-aujoudhui-reduit-de-moitie-pour-le-meme-produit-par-freshplaza-et-bossuyt\\\/#article\",\"isPartOf\":{\"@id\":\"https:\\\/\\\/befve.com\\\/en\\\/le-prix-de-25-e-kg-pour-paques-en-belgique-est-aujoudhui-reduit-de-moitie-pour-le-meme-produit-par-freshplaza-et-bossuyt\\\/\"},\"author\":{\"name\":\"Christian\",\"@id\":\"https:\\\/\\\/befve.com\\\/en\\\/#\\\/schema\\\/person\\\/ef49a1871aa7378da9d8d3cd2875d9b3\"},\"headline\":\"\u00ab Le prix de 25 \u20ac\\\/kg pour P\u00e2ques en Belgique est aujoud&#8217;hui r\u00e9duit de moiti\u00e9 pour le m\u00eame produit \u00bb par FreshPlaza et Bossuyt\",\"datePublished\":\"2026-05-01T14:32:10+00:00\",\"dateModified\":\"2026-05-01T14:32:12+00:00\",\"mainEntityOfPage\":{\"@id\":\"https:\\\/\\\/befve.com\\\/en\\\/le-prix-de-25-e-kg-pour-paques-en-belgique-est-aujoudhui-reduit-de-moitie-pour-le-meme-produit-par-freshplaza-et-bossuyt\\\/\"},\"wordCount\":979,\"publisher\":{\"@id\":\"https:\\\/\\\/befve.com\\\/en\\\/#organization\"},\"image\":{\"@id\":\"https:\\\/\\\/befve.com\\\/en\\\/le-prix-de-25-e-kg-pour-paques-en-belgique-est-aujoudhui-reduit-de-moitie-pour-le-meme-produit-par-freshplaza-et-bossuyt\\\/#primaryimage\"},\"thumbnailUrl\":\"https:\\\/\\\/befve.com\\\/wp-content\\\/uploads\\\/articles-1.jpg\",\"articleSection\":[\"Non cat\u00e9goris\u00e9\"],\"inLanguage\":\"en-US\"},{\"@type\":\"WebPage\",\"@id\":\"https:\\\/\\\/befve.com\\\/en\\\/le-prix-de-25-e-kg-pour-paques-en-belgique-est-aujoudhui-reduit-de-moitie-pour-le-meme-produit-par-freshplaza-et-bossuyt\\\/\",\"url\":\"https:\\\/\\\/befve.com\\\/en\\\/le-prix-de-25-e-kg-pour-paques-en-belgique-est-aujoudhui-reduit-de-moitie-pour-le-meme-produit-par-freshplaza-et-bossuyt\\\/\",\"name\":\"\u00ab Le prix de 25 \u20ac\\\/kg pour P\u00e2ques en Belgique est aujoud'hui r\u00e9duit de moiti\u00e9 pour le m\u00eame produit \u00bb par FreshPlaza et Bossuyt - Befve &amp; Co\",\"isPartOf\":{\"@id\":\"https:\\\/\\\/befve.com\\\/en\\\/#website\"},\"primaryImageOfPage\":{\"@id\":\"https:\\\/\\\/befve.com\\\/en\\\/le-prix-de-25-e-kg-pour-paques-en-belgique-est-aujoudhui-reduit-de-moitie-pour-le-meme-produit-par-freshplaza-et-bossuyt\\\/#primaryimage\"},\"image\":{\"@id\":\"https:\\\/\\\/befve.com\\\/en\\\/le-prix-de-25-e-kg-pour-paques-en-belgique-est-aujoudhui-reduit-de-moitie-pour-le-meme-produit-par-freshplaza-et-bossuyt\\\/#primaryimage\"},\"thumbnailUrl\":\"https:\\\/\\\/befve.com\\\/wp-content\\\/uploads\\\/articles-1.jpg\",\"datePublished\":\"2026-05-01T14:32:10+00:00\",\"dateModified\":\"2026-05-01T14:32:12+00:00\",\"breadcrumb\":{\"@id\":\"https:\\\/\\\/befve.com\\\/en\\\/le-prix-de-25-e-kg-pour-paques-en-belgique-est-aujoudhui-reduit-de-moitie-pour-le-meme-produit-par-freshplaza-et-bossuyt\\\/#breadcrumb\"},\"inLanguage\":\"en-US\",\"potentialAction\":[{\"@type\":\"ReadAction\",\"target\":[\"https:\\\/\\\/befve.com\\\/en\\\/le-prix-de-25-e-kg-pour-paques-en-belgique-est-aujoudhui-reduit-de-moitie-pour-le-meme-produit-par-freshplaza-et-bossuyt\\\/\"]}]},{\"@type\":\"ImageObject\",\"inLanguage\":\"en-US\",\"@id\":\"https:\\\/\\\/befve.com\\\/en\\\/le-prix-de-25-e-kg-pour-paques-en-belgique-est-aujoudhui-reduit-de-moitie-pour-le-meme-produit-par-freshplaza-et-bossuyt\\\/#primaryimage\",\"url\":\"https:\\\/\\\/befve.com\\\/wp-content\\\/uploads\\\/articles-1.jpg\",\"contentUrl\":\"https:\\\/\\\/befve.com\\\/wp-content\\\/uploads\\\/articles-1.jpg\",\"width\":2444,\"height\":1020,\"caption\":\"befve asperges\"},{\"@type\":\"BreadcrumbList\",\"@id\":\"https:\\\/\\\/befve.com\\\/en\\\/le-prix-de-25-e-kg-pour-paques-en-belgique-est-aujoudhui-reduit-de-moitie-pour-le-meme-produit-par-freshplaza-et-bossuyt\\\/#breadcrumb\",\"itemListElement\":[{\"@type\":\"ListItem\",\"position\":1,\"name\":\"Accueil\",\"item\":\"https:\\\/\\\/befve.com\\\/en\\\/\"},{\"@type\":\"ListItem\",\"position\":2,\"name\":\"\u00ab Le prix de 25 \u20ac\\\/kg pour P\u00e2ques en Belgique est aujoud&#8217;hui r\u00e9duit de moiti\u00e9 pour le m\u00eame produit \u00bb par FreshPlaza et Bossuyt\"}]},{\"@type\":\"WebSite\",\"@id\":\"https:\\\/\\\/befve.com\\\/en\\\/#website\",\"url\":\"https:\\\/\\\/befve.com\\\/en\\\/\",\"name\":\"Befve &Co\",\"description\":\"Christian Befve expert &amp; consultant asperges\",\"publisher\":{\"@id\":\"https:\\\/\\\/befve.com\\\/en\\\/#organization\"},\"potentialAction\":[{\"@type\":\"SearchAction\",\"target\":{\"@type\":\"EntryPoint\",\"urlTemplate\":\"https:\\\/\\\/befve.com\\\/en\\\/?s={search_term_string}\"},\"query-input\":{\"@type\":\"PropertyValueSpecification\",\"valueRequired\":true,\"valueName\":\"search_term_string\"}}],\"inLanguage\":\"en-US\"},{\"@type\":\"Organization\",\"@id\":\"https:\\\/\\\/befve.com\\\/en\\\/#organization\",\"name\":\"Befve &Co\",\"alternateName\":\"Befve &Co\",\"url\":\"https:\\\/\\\/befve.com\\\/en\\\/\",\"logo\":{\"@type\":\"ImageObject\",\"inLanguage\":\"en-US\",\"@id\":\"https:\\\/\\\/befve.com\\\/en\\\/#\\\/schema\\\/logo\\\/image\\\/\",\"url\":\"https:\\\/\\\/befve.com\\\/wp-content\\\/uploads\\\/logo_green.svg\",\"contentUrl\":\"https:\\\/\\\/befve.com\\\/wp-content\\\/uploads\\\/logo_green.svg\",\"caption\":\"Befve &Co\"},\"image\":{\"@id\":\"https:\\\/\\\/befve.com\\\/en\\\/#\\\/schema\\\/logo\\\/image\\\/\"}},{\"@type\":\"Person\",\"@id\":\"https:\\\/\\\/befve.com\\\/en\\\/#\\\/schema\\\/person\\\/ef49a1871aa7378da9d8d3cd2875d9b3\",\"name\":\"Christian\",\"image\":{\"@type\":\"ImageObject\",\"inLanguage\":\"en-US\",\"@id\":\"https:\\\/\\\/secure.gravatar.com\\\/avatar\\\/aed3b721e8892b7d9bfd8295ae750fe92318b00b510c39bdb269ef3aac0241cc?s=96&d=mm&r=g\",\"url\":\"https:\\\/\\\/secure.gravatar.com\\\/avatar\\\/aed3b721e8892b7d9bfd8295ae750fe92318b00b510c39bdb269ef3aac0241cc?s=96&d=mm&r=g\",\"contentUrl\":\"https:\\\/\\\/secure.gravatar.com\\\/avatar\\\/aed3b721e8892b7d9bfd8295ae750fe92318b00b510c39bdb269ef3aac0241cc?s=96&d=mm&r=g\",\"caption\":\"Christian\"},\"url\":\"https:\\\/\\\/befve.com\\\/en\\\/author\\\/christian\\\/\"}]}<\/script>\n<!-- \/ Yoast SEO plugin. -->","yoast_head_json":{"title":"\u00ab Le prix de 25 \u20ac\/kg pour P\u00e2ques en Belgique est aujoud'hui r\u00e9duit de moiti\u00e9 pour le m\u00eame produit \u00bb par FreshPlaza et Bossuyt - Befve &amp; Co","robots":{"index":"index","follow":"follow","max-snippet":"max-snippet:-1","max-image-preview":"max-image-preview:large","max-video-preview":"max-video-preview:-1"},"canonical":"https:\/\/befve.com\/en\/le-prix-de-25-e-kg-pour-paques-en-belgique-est-aujoudhui-reduit-de-moitie-pour-le-meme-produit-par-freshplaza-et-bossuyt\/","og_locale":"en_US","og_type":"article","og_title":"\u00ab Le prix de 25 \u20ac\/kg pour P\u00e2ques en Belgique est aujoud'hui r\u00e9duit de moiti\u00e9 pour le m\u00eame produit \u00bb par FreshPlaza et Bossuyt - Befve &amp; Co","og_description":"FreshPlaza.fr Asparagus Bossuyt (Belgique) \u00ab Le prix de 25 \u20ac\/kg pour P\u00e2ques est aujoud&#8217;hui r\u00e9duit de moiti\u00e9 pour le m\u00eame produit \u00bb La saison des asperges bat son plein et les ventes d&#8217;Asperges Bossuyt se poursuivent \u00e0 un rythme soutenu. L&#8217;entreprise dispose d\u00e9sormais de trois pop-up stores \u00e0 Knokke-Heist, Kuurne et Roulers, en plus de [&hellip;]","og_url":"https:\/\/befve.com\/en\/le-prix-de-25-e-kg-pour-paques-en-belgique-est-aujoudhui-reduit-de-moitie-pour-le-meme-produit-par-freshplaza-et-bossuyt\/","og_site_name":"Befve &amp; Co","article_published_time":"2026-05-01T14:32:10+00:00","article_modified_time":"2026-05-01T14:32:12+00:00","og_image":[{"width":2444,"height":1020,"url":"https:\/\/befve.com\/wp-content\/uploads\/articles-1.jpg","type":"image\/jpeg"}],"author":"Christian","twitter_card":"summary_large_image","twitter_misc":{"Written by":"Christian","Est. reading time":"6 minutes"},"schema":{"@context":"https:\/\/schema.org","@graph":[{"@type":"Article","@id":"https:\/\/befve.com\/en\/le-prix-de-25-e-kg-pour-paques-en-belgique-est-aujoudhui-reduit-de-moitie-pour-le-meme-produit-par-freshplaza-et-bossuyt\/#article","isPartOf":{"@id":"https:\/\/befve.com\/en\/le-prix-de-25-e-kg-pour-paques-en-belgique-est-aujoudhui-reduit-de-moitie-pour-le-meme-produit-par-freshplaza-et-bossuyt\/"},"author":{"name":"Christian","@id":"https:\/\/befve.com\/en\/#\/schema\/person\/ef49a1871aa7378da9d8d3cd2875d9b3"},"headline":"\u00ab Le prix de 25 \u20ac\/kg pour P\u00e2ques en Belgique est aujoud&#8217;hui r\u00e9duit de moiti\u00e9 pour le m\u00eame produit \u00bb par FreshPlaza et Bossuyt","datePublished":"2026-05-01T14:32:10+00:00","dateModified":"2026-05-01T14:32:12+00:00","mainEntityOfPage":{"@id":"https:\/\/befve.com\/en\/le-prix-de-25-e-kg-pour-paques-en-belgique-est-aujoudhui-reduit-de-moitie-pour-le-meme-produit-par-freshplaza-et-bossuyt\/"},"wordCount":979,"publisher":{"@id":"https:\/\/befve.com\/en\/#organization"},"image":{"@id":"https:\/\/befve.com\/en\/le-prix-de-25-e-kg-pour-paques-en-belgique-est-aujoudhui-reduit-de-moitie-pour-le-meme-produit-par-freshplaza-et-bossuyt\/#primaryimage"},"thumbnailUrl":"https:\/\/befve.com\/wp-content\/uploads\/articles-1.jpg","articleSection":["Non cat\u00e9goris\u00e9"],"inLanguage":"en-US"},{"@type":"WebPage","@id":"https:\/\/befve.com\/en\/le-prix-de-25-e-kg-pour-paques-en-belgique-est-aujoudhui-reduit-de-moitie-pour-le-meme-produit-par-freshplaza-et-bossuyt\/","url":"https:\/\/befve.com\/en\/le-prix-de-25-e-kg-pour-paques-en-belgique-est-aujoudhui-reduit-de-moitie-pour-le-meme-produit-par-freshplaza-et-bossuyt\/","name":"\u00ab Le prix de 25 \u20ac\/kg pour P\u00e2ques en Belgique est aujoud'hui r\u00e9duit de moiti\u00e9 pour le m\u00eame produit \u00bb par FreshPlaza et Bossuyt - Befve &amp; Co","isPartOf":{"@id":"https:\/\/befve.com\/en\/#website"},"primaryImageOfPage":{"@id":"https:\/\/befve.com\/en\/le-prix-de-25-e-kg-pour-paques-en-belgique-est-aujoudhui-reduit-de-moitie-pour-le-meme-produit-par-freshplaza-et-bossuyt\/#primaryimage"},"image":{"@id":"https:\/\/befve.com\/en\/le-prix-de-25-e-kg-pour-paques-en-belgique-est-aujoudhui-reduit-de-moitie-pour-le-meme-produit-par-freshplaza-et-bossuyt\/#primaryimage"},"thumbnailUrl":"https:\/\/befve.com\/wp-content\/uploads\/articles-1.jpg","datePublished":"2026-05-01T14:32:10+00:00","dateModified":"2026-05-01T14:32:12+00:00","breadcrumb":{"@id":"https:\/\/befve.com\/en\/le-prix-de-25-e-kg-pour-paques-en-belgique-est-aujoudhui-reduit-de-moitie-pour-le-meme-produit-par-freshplaza-et-bossuyt\/#breadcrumb"},"inLanguage":"en-US","potentialAction":[{"@type":"ReadAction","target":["https:\/\/befve.com\/en\/le-prix-de-25-e-kg-pour-paques-en-belgique-est-aujoudhui-reduit-de-moitie-pour-le-meme-produit-par-freshplaza-et-bossuyt\/"]}]},{"@type":"ImageObject","inLanguage":"en-US","@id":"https:\/\/befve.com\/en\/le-prix-de-25-e-kg-pour-paques-en-belgique-est-aujoudhui-reduit-de-moitie-pour-le-meme-produit-par-freshplaza-et-bossuyt\/#primaryimage","url":"https:\/\/befve.com\/wp-content\/uploads\/articles-1.jpg","contentUrl":"https:\/\/befve.com\/wp-content\/uploads\/articles-1.jpg","width":2444,"height":1020,"caption":"befve asperges"},{"@type":"BreadcrumbList","@id":"https:\/\/befve.com\/en\/le-prix-de-25-e-kg-pour-paques-en-belgique-est-aujoudhui-reduit-de-moitie-pour-le-meme-produit-par-freshplaza-et-bossuyt\/#breadcrumb","itemListElement":[{"@type":"ListItem","position":1,"name":"Accueil","item":"https:\/\/befve.com\/en\/"},{"@type":"ListItem","position":2,"name":"\u00ab Le prix de 25 \u20ac\/kg pour P\u00e2ques en Belgique est aujoud&#8217;hui r\u00e9duit de moiti\u00e9 pour le m\u00eame produit \u00bb par FreshPlaza et Bossuyt"}]},{"@type":"WebSite","@id":"https:\/\/befve.com\/en\/#website","url":"https:\/\/befve.com\/en\/","name":"Befve &Co","description":"Christian Befve expert &amp; consultant asperges","publisher":{"@id":"https:\/\/befve.com\/en\/#organization"},"potentialAction":[{"@type":"SearchAction","target":{"@type":"EntryPoint","urlTemplate":"https:\/\/befve.com\/en\/?s={search_term_string}"},"query-input":{"@type":"PropertyValueSpecification","valueRequired":true,"valueName":"search_term_string"}}],"inLanguage":"en-US"},{"@type":"Organization","@id":"https:\/\/befve.com\/en\/#organization","name":"Befve &Co","alternateName":"Befve &Co","url":"https:\/\/befve.com\/en\/","logo":{"@type":"ImageObject","inLanguage":"en-US","@id":"https:\/\/befve.com\/en\/#\/schema\/logo\/image\/","url":"https:\/\/befve.com\/wp-content\/uploads\/logo_green.svg","contentUrl":"https:\/\/befve.com\/wp-content\/uploads\/logo_green.svg","caption":"Befve &Co"},"image":{"@id":"https:\/\/befve.com\/en\/#\/schema\/logo\/image\/"}},{"@type":"Person","@id":"https:\/\/befve.com\/en\/#\/schema\/person\/ef49a1871aa7378da9d8d3cd2875d9b3","name":"Christian","image":{"@type":"ImageObject","inLanguage":"en-US","@id":"https:\/\/secure.gravatar.com\/avatar\/aed3b721e8892b7d9bfd8295ae750fe92318b00b510c39bdb269ef3aac0241cc?s=96&d=mm&r=g","url":"https:\/\/secure.gravatar.com\/avatar\/aed3b721e8892b7d9bfd8295ae750fe92318b00b510c39bdb269ef3aac0241cc?s=96&d=mm&r=g","contentUrl":"https:\/\/secure.gravatar.com\/avatar\/aed3b721e8892b7d9bfd8295ae750fe92318b00b510c39bdb269ef3aac0241cc?s=96&d=mm&r=g","caption":"Christian"},"url":"https:\/\/befve.com\/en\/author\/christian\/"}]}},"_links":{"self":[{"href":"https:\/\/befve.com\/en\/wp-json\/wp\/v2\/posts\/265984","targetHints":{"allow":["GET"]}}],"collection":[{"href":"https:\/\/befve.com\/en\/wp-json\/wp\/v2\/posts"}],"about":[{"href":"https:\/\/befve.com\/en\/wp-json\/wp\/v2\/types\/post"}],"author":[{"embeddable":true,"href":"https:\/\/befve.com\/en\/wp-json\/wp\/v2\/users\/7"}],"replies":[{"embeddable":true,"href":"https:\/\/befve.com\/en\/wp-json\/wp\/v2\/comments?post=265984"}],"version-history":[{"count":1,"href":"https:\/\/befve.com\/en\/wp-json\/wp\/v2\/posts\/265984\/revisions"}],"predecessor-version":[{"id":265985,"href":"https:\/\/befve.com\/en\/wp-json\/wp\/v2\/posts\/265984\/revisions\/265985"}],"wp:featuredmedia":[{"embeddable":true,"href":"https:\/\/befve.com\/en\/wp-json\/wp\/v2\/media\/37267"}],"wp:attachment":[{"href":"https:\/\/befve.com\/en\/wp-json\/wp\/v2\/media?parent=265984"}],"wp:term":[{"taxonomy":"category","embeddable":true,"href":"https:\/\/befve.com\/en\/wp-json\/wp\/v2\/categories?post=265984"},{"taxonomy":"post_tag","embeddable":true,"href":"https:\/\/befve.com\/en\/wp-json\/wp\/v2\/tags?post=265984"}],"curies":[{"name":"wp","href":"https:\/\/api.w.org\/{rel}","templated":true}]}}