{"id":267743,"date":"2026-09-01T14:05:10","date_gmt":"2026-09-01T14:05:10","guid":{"rendered":"https:\/\/befve.com\/?p=267743"},"modified":"2026-09-01T14:05:12","modified_gmt":"2026-09-01T14:05:12","slug":"les-expeditions-de-myrtilles-peruviennes-nettement-en-avance-sur-la-saison-derniere-par-gourmet-trading-co-et-freshplaza","status":"publish","type":"post","link":"https:\/\/befve.com\/en\/les-expeditions-de-myrtilles-peruviennes-nettement-en-avance-sur-la-saison-derniere-par-gourmet-trading-co-et-freshplaza\/","title":{"rendered":"Les exp\u00e9ditions de myrtilles p\u00e9ruviennes nettement en avance sur la saison derni\u00e8re par Gourmet Trading Co et Freshplaza"},"content":{"rendered":"\n<p class=\"wp-block-paragraph\">R\u00e9duction du volume global attendue<\/p>\n\n\n\n<h1 class=\"wp-block-heading\">Les exp\u00e9ditions de myrtilles p\u00e9ruviennes nettement en avance sur la saison derni\u00e8re<\/h1>\n\n\n\n<p class=\"wp-block-paragraph\">La campagne p\u00e9ruvienne de myrtilles est en avance sur le calendrier habituel. Des temp\u00e9ratures plus \u00e9lev\u00e9es que la normale ont acc\u00e9l\u00e9r\u00e9 le d\u00e9veloppement des cultures. Ce ph\u00e9nom\u00e8ne devrait \u00e9galement provoquer un pic de production plus pr\u00e9coce que d&#8217;ordinaire, une tendance qui semble s&#8217;inscrire dans une dynamique plus large \u00e0 l&#8217;\u00e9chelle de la fili\u00e8re p\u00e9ruvienne cette saison. \u00ab En plus de ce d\u00e9veloppement acc\u00e9l\u00e9r\u00e9, nous observons \u00e9galement un calibre moyen l\u00e9g\u00e8rement inf\u00e9rieur \u00e0 celui d&#8217;une saison normale \u00bb, indique Luciano Fiszman de Gourmet Trading Company. Combin\u00e9 au fait que certaines vari\u00e9t\u00e9s tendent \u00e0 produire moins sous l&#8217;effet de temp\u00e9ratures \u00e9lev\u00e9es, ce contexte devrait se traduire par une r\u00e9duction des volumes globaux.<\/p>\n\n\n\n<p class=\"wp-block-paragraph\"><strong>Des incertitudes pour la suite de la saison<br><\/strong>Les perspectives \u00e0 plus long terme restent tr\u00e8s incertaines. \u00c0 ce stade, il est impossible de savoir jusqu&#8217;o\u00f9 les temp\u00e9ratures pourraient monter, ni quelle sera l&#8217;intensit\u00e9 des pr\u00e9cipitations en fin de campagne, lorsque les effets les plus marqu\u00e9s d&#8217;El Ni\u00f1o pourraient se manifester. \u00ab Il est tout simplement trop t\u00f4t pour que quiconque puisse pr\u00e9dire l&#8217;impact total avec certitude \u00bb, a d\u00e9clar\u00e9 Luciano Fiszman. \u00ab Pour l&#8217;heure, nous nous concentrons sur ce que nous observons dans les champs et nous nous adapterons au fil de la saison. \u00bb<\/p>\n\n\n\n<p class=\"wp-block-paragraph\"><img decoding=\"async\" src=\"https:\/\/www.freshplaza.fr\/remote\/https\/agfstorage.blob.core.windows.net\/misc\/FP_com\/2026\/08\/27\/GourmetTrading_bbfieldPeru_1200.jpg?preset=ContentFullSmall\" alt=\"\" class=\"\" srcset=\"https:\/\/www.freshplaza.fr\/remote\/https\/agfstorage.blob.core.windows.net\/misc\/FP_com\/2026\/08\/27\/GourmetTrading_bbfieldPeru_1200.jpg?preset=ContentFullSmall 626w,https:\/\/www.freshplaza.fr\/remote\/https\/agfstorage.blob.core.windows.net\/misc\/FP_com\/2026\/08\/27\/GourmetTrading_bbfieldPeru_1200.jpg?preset=ContentFullMedium 938w,https:\/\/www.freshplaza.fr\/remote\/https\/agfstorage.blob.core.windows.net\/misc\/FP_com\/2026\/08\/27\/GourmetTrading_bbfieldPeru_1200.jpg?preset=ContentFullBig 1250w\"><em>Inspection des champs de myrtilles au P\u00e9rou.<\/em><\/p>\n\n\n\n<p class=\"wp-block-paragraph\"><strong>Projections \u00e0 l&#8217;export<br><\/strong>Selon les derni\u00e8res projections publi\u00e9es par Proar\u00e1ndanos, le P\u00e9rou devrait exporter environ 404 000 tonnes m\u00e9triques au cours de la campagne 2026-27, soit une hausse d&#8217;environ 5,6 % par rapport \u00e0 la saison pr\u00e9c\u00e9dente. \u00ab Il est toutefois important de replacer cette croissance dans son contexte \u00bb, souligne Luciano Fiszman. D&#8217;apr\u00e8s les estimations de Proar\u00e1ndanos, les exportations p\u00e9ruviennes auraient pu progresser jusqu&#8217;\u00e0 20 % en l&#8217;absence de l&#8217;impact d&#8217;El Ni\u00f1o. Cette dynamique est port\u00e9e par quelque 3 500 hectares de nouvelles surfaces de production arrivant sur le march\u00e9. \u00ab Autrement dit, les nouvelles surfaces contribuent \u00e0 compenser la baisse de productivit\u00e9 li\u00e9e aux conditions climatiques plus chaudes. \u00bb<\/p>\n\n\n\n<p class=\"wp-block-paragraph\">Le segment biologique pr\u00e9sente quant \u00e0 lui un profil diff\u00e9rent. Proar\u00e1ndanos pr\u00e9voit actuellement des exp\u00e9ditions d&#8217;environ 31 000 tonnes m\u00e9triques de myrtilles biologiques, contre pr\u00e8s de 35 000 tonnes m\u00e9triques la saison derni\u00e8re. \u00ab Nous estimons qu&#8217;il est important de se r\u00e9f\u00e9rer aux projections officielles de la fili\u00e8re plut\u00f4t que de sp\u00e9culer de notre c\u00f4t\u00e9, en particulier lors d&#8217;une saison o\u00f9 les conditions peuvent encore \u00e9voluer de mani\u00e8re significative \u00bb, a expliqu\u00e9 Luciano Fiszman.<\/p>\n\n\n\n<p class=\"wp-block-paragraph\"><strong>Une courbe de production avanc\u00e9e<br><\/strong>En raison du d\u00e9marrage pr\u00e9coce de la campagne, les volumes arrivant sur le march\u00e9 am\u00e9ricain ont \u00e9t\u00e9 nettement sup\u00e9rieurs \u00e0 ceux enregistr\u00e9s \u00e0 la m\u00eame p\u00e9riode l&#8217;an dernier. Selon les derni\u00e8res donn\u00e9es publi\u00e9es par Proar\u00e1ndanos, sur la base des informations du SENASA, le P\u00e9rou avait export\u00e9 35 679 tonnes m\u00e9triques de myrtilles vers les \u00c9tats-Unis jusqu&#8217;\u00e0 la semaine 34. Le total des exportations cumul\u00e9es jusqu&#8217;\u00e0 cette m\u00eame semaine s&#8217;\u00e9levait \u00e0 80 585 tonnes m\u00e9triques, soit une hausse de 56 % par rapport \u00e0 la m\u00eame p\u00e9riode l&#8217;ann\u00e9e pr\u00e9c\u00e9dente.<\/p>\n\n\n\n<p class=\"wp-block-paragraph\">Si la projection officielle de la fili\u00e8re continue d&#8217;indiquer une croissance d&#8217;une ann\u00e9e sur l&#8217;autre, Luciano Fiszman adopte une position plus prudente. \u00ab Sur la base de ce que nous observons actuellement dans les champs \u2014 temp\u00e9ratures \u00e9lev\u00e9es, calibre moyen l\u00e9g\u00e8rement inf\u00e9rieur et productivit\u00e9 r\u00e9duite sur certaines vari\u00e9t\u00e9s \u2014, je pense que le volume final export\u00e9 par le P\u00e9rou pourrait en d\u00e9finitive se situer en de\u00e7\u00e0 de la saison derni\u00e8re. \u00bb Il souligne n\u00e9anmoins qu&#8217;il est encore trop t\u00f4t pour anticiper le r\u00e9sultat final avec certitude, compte tenu notamment des incertitudes climatiques qui p\u00e8sent sur la fin de campagne. La courbe de production s&#8217;est d\u00e9cal\u00e9e vers l&#8217;avant cette ann\u00e9e, avec un d\u00e9marrage et une mont\u00e9e en charge des volumes plus pr\u00e9coces. \u00ab C&#8217;est pourquoi il ne faut pas extrapoler la progression actuelle d&#8217;une ann\u00e9e sur l&#8217;autre et supposer que le P\u00e9rou terminera la saison proportionnellement au-dessus de l&#8217;an dernier. \u00bb<\/p>\n\n\n\n<p class=\"wp-block-paragraph\">L&#8217;\u00e9volution de la seconde partie de la campagne d\u00e9pendra dans une large mesure des conditions m\u00e9t\u00e9orologiques et de l&#8217;\u00e9volution d&#8217;El Ni\u00f1o. \u00ab Nous savons d\u00e9j\u00e0 que les temp\u00e9ratures affectent la production, mais nous ignorons comment les conditions \u00e9volueront en fin de saison. \u00bb<\/p>\n\n\n\n<figure class=\"wp-block-image\"><img decoding=\"async\" src=\"https:\/\/www.freshplaza.fr\/remote\/https\/agfstorage.blob.core.windows.net\/misc\/FP_com\/2026\/08\/27\/GourmetTrading_Peru_blueberries_tweeluik_1200.jpg?preset=ContentFullSmall\" alt=\"\"\/><\/figure>\n\n\n\n<p class=\"wp-block-paragraph\"><strong>La transition vers les fruits d&#8217;importation<br><\/strong>Le d\u00e9marrage pr\u00e9coce de la saison p\u00e9ruvienne a \u00e9galement engendr\u00e9 un chevauchement plus important avec la saison domestique am\u00e9ricaine. Le Pacifique Nord-Ouest a pu prolonger sa campagne gr\u00e2ce au recours \u00e0 la conservation en atmosph\u00e8re contr\u00f4l\u00e9e, tandis que le P\u00e9rou d\u00e9marrait plus t\u00f4t que pr\u00e9vu, cr\u00e9ant ainsi une p\u00e9riode de transition quelque peu d\u00e9licate pour le march\u00e9. \u00ab La transition a n\u00e9cessit\u00e9 davantage de coordination cette ann\u00e9e, car les fruits domestiques \u00e9taient encore disponibles au moment o\u00f9 le P\u00e9rou d\u00e9marrait plus t\u00f4t que d&#8217;habitude \u00bb, explique Adriana Fortune de Gourmet Trading Company. \u00ab Les clients ont effectu\u00e9 leur transition \u00e0 des moments diff\u00e9rents selon leurs programmes et leurs positions de stock, mais nous constatons d\u00e9sormais que le march\u00e9 s&#8217;oriente plus r\u00e9solument vers les fruits d&#8217;importation. Nous nous attendons \u00e0 ce que cette transition soit largement achev\u00e9e aux alentours de la f\u00eate du Travail \u00bb, a-t-elle ajout\u00e9.<\/p>\n\n\n\n<p class=\"wp-block-paragraph\">Bien qu&#8217;il y ait eu une p\u00e9riode durant laquelle l&#8217;offre prolong\u00e9e du Pacifique Nord-Ouest a co\u00efncid\u00e9 avec un d\u00e9marrage inhabituellement pr\u00e9coce du P\u00e9rou, le march\u00e9 a finalement absorb\u00e9 les volumes disponibles. La transition n&#8217;a pas \u00e9t\u00e9 totalement fluide \u2014 la disponibilit\u00e9 simultan\u00e9e de fruits des deux origines a par moments exerc\u00e9 une certaine pression \u2014 mais la demande est rest\u00e9e suffisamment soutenue pour traverser cette p\u00e9riode de chevauchement. La fili\u00e8re s&#8217;oriente d\u00e9sormais vers une transition plus naturelle en faveur de l&#8217;approvisionnement import\u00e9.<\/p>\n\n\n\n<p class=\"wp-block-paragraph\">Scott Hulsey de Gourmet Trading Company se d\u00e9clare satisfait de la qualit\u00e9 des fruits issus de l&#8217;op\u00e9ration p\u00e9ruvienne de la soci\u00e9t\u00e9, malgr\u00e9 les conditions climatiques difficiles. \u00ab L&#8217;\u00e9quipe a fait un excellent travail pour s&#8217;adapter aux conditions rencontr\u00e9es jusqu&#8217;ici cette saison. Nous avons apport\u00e9 les ajustements op\u00e9rationnels n\u00e9cessaires, notamment en raccourcissant les intervalles de r\u00e9colte et en acheminant les fruits du champ vers la station de conditionnement plus rapidement. Notre priorit\u00e9 est de pr\u00e9server l&#8217;\u00e9tat des fruits et leur dur\u00e9e de conservation tout au long du processus, afin de livrer \u00e0 nos clients la meilleure qualit\u00e9 possible. \u00bb<\/p>\n\n\n\n<figure class=\"wp-block-image\"><img decoding=\"async\" src=\"https:\/\/www.freshplaza.fr\/remote\/https\/agfstorage.blob.core.windows.net\/misc\/FP_com\/2026\/08\/27\/GourmetTrading_fieldperu_900.jpg?preset=ContentFullSmall\" alt=\"\"\/><\/figure>\n\n\n\n<p class=\"wp-block-paragraph\"><img decoding=\"async\" src=\"https:\/\/www.freshplaza.fr\/remote\/https\/agfstorage.blob.core.windows.net\/misc\/FP_com\/2026\/08\/27\/GourmetTrading_logo_small.jpg?preset=ContentCustom\" alt=\"\" class=\"\">Pour plus d&#8217;informations :<br>Luciano Fiszman<br><strong>Gourmet Trading Co.<\/strong><br>T\u00e9l. : +1 310 216 7575 poste 1888<br><a href=\"mailto:Luciano@gourmettrading.net?subject=Response to FreshPlaza.com article\" target=\"_blank\" rel=\"noopener\">Luciano@gourmettrading.net<\/a><\/p>\n","protected":false},"excerpt":{"rendered":"<p>R\u00e9duction du volume global attendue Les exp\u00e9ditions de myrtilles p\u00e9ruviennes nettement en avance sur la saison derni\u00e8re La campagne p\u00e9ruvienne de myrtilles est en avance sur le calendrier habituel. Des temp\u00e9ratures plus \u00e9lev\u00e9es que la normale ont acc\u00e9l\u00e9r\u00e9 le d\u00e9veloppement des cultures. Ce ph\u00e9nom\u00e8ne devrait \u00e9galement provoquer un pic de production plus pr\u00e9coce que d&#8217;ordinaire, [&hellip;]<\/p>\n","protected":false},"author":7,"featured_media":266085,"comment_status":"closed","ping_status":"closed","sticky":false,"template":"","format":"standard","meta":{"_acf_changed":false,"iawp_total_views":0,"footnotes":""},"categories":[1],"tags":[],"class_list":["post-267743","post","type-post","status-publish","format-standard","has-post-thumbnail","hentry","category-non-categorise"],"acf":[],"featured_image_url":{"thumbnail":"https:\/\/befve.com\/wp-content\/uploads\/2026\/05\/articles-Christian-Befve-150x150.jpg","medium":"https:\/\/befve.com\/wp-content\/uploads\/2026\/05\/articles-Christian-Befve-300x60.jpg","medium_large":"https:\/\/befve.com\/wp-content\/uploads\/2026\/05\/articles-Christian-Befve-768x154.jpg","large":"https:\/\/befve.com\/wp-content\/uploads\/2026\/05\/articles-Christian-Befve-1024x205.jpg","1536x1536":"https:\/\/befve.com\/wp-content\/uploads\/2026\/05\/articles-Christian-Befve-1536x307.jpg","2048x2048":"https:\/\/befve.com\/wp-content\/uploads\/2026\/05\/articles-Christian-Befve-2048x410.jpg"},"post_author":"Christian","assigned_categories":"Non cat\u00e9goris\u00e9","yoast_head":"<!-- This site is optimized with the Yoast SEO plugin v28.4 - https:\/\/yoast.com\/product\/yoast-seo-wordpress\/ -->\n<title>Les exp\u00e9ditions de myrtilles p\u00e9ruviennes nettement en avance sur la saison derni\u00e8re par Gourmet Trading Co et Freshplaza - Befve &amp; Co<\/title>\n<meta name=\"robots\" content=\"index, follow, max-snippet:-1, max-image-preview:large, max-video-preview:-1\" \/>\n<link rel=\"canonical\" href=\"https:\/\/befve.com\/en\/les-expeditions-de-myrtilles-peruviennes-nettement-en-avance-sur-la-saison-derniere-par-gourmet-trading-co-et-freshplaza\/\" \/>\n<meta property=\"og:locale\" content=\"en_US\" \/>\n<meta property=\"og:type\" content=\"article\" \/>\n<meta property=\"og:title\" content=\"Les exp\u00e9ditions de myrtilles p\u00e9ruviennes nettement en avance sur la saison derni\u00e8re par Gourmet Trading Co et Freshplaza - Befve &amp; Co\" \/>\n<meta property=\"og:description\" content=\"R\u00e9duction du volume global attendue Les exp\u00e9ditions de myrtilles p\u00e9ruviennes nettement en avance sur la saison derni\u00e8re La campagne p\u00e9ruvienne de myrtilles est en avance sur le calendrier habituel. Des temp\u00e9ratures plus \u00e9lev\u00e9es que la normale ont acc\u00e9l\u00e9r\u00e9 le d\u00e9veloppement des cultures. Ce ph\u00e9nom\u00e8ne devrait \u00e9galement provoquer un pic de production plus pr\u00e9coce que d&#8217;ordinaire, [&hellip;]\" \/>\n<meta property=\"og:url\" content=\"https:\/\/befve.com\/en\/les-expeditions-de-myrtilles-peruviennes-nettement-en-avance-sur-la-saison-derniere-par-gourmet-trading-co-et-freshplaza\/\" \/>\n<meta property=\"og:site_name\" content=\"Befve &amp; Co\" \/>\n<meta property=\"article:published_time\" content=\"2026-09-01T14:05:10+00:00\" \/>\n<meta property=\"article:modified_time\" content=\"2026-09-01T14:05:12+00:00\" \/>\n<meta property=\"og:image\" content=\"https:\/\/befve.com\/wp-content\/uploads\/2026\/05\/articles-Christian-Befve-scaled.jpg\" \/>\n\t<meta property=\"og:image:width\" content=\"2560\" \/>\n\t<meta property=\"og:image:height\" content=\"512\" \/>\n\t<meta property=\"og:image:type\" content=\"image\/jpeg\" \/>\n<meta name=\"author\" content=\"Christian\" \/>\n<meta name=\"twitter:card\" content=\"summary_large_image\" \/>\n<meta name=\"twitter:label1\" content=\"Written by\" \/>\n\t<meta name=\"twitter:data1\" content=\"Christian\" \/>\n\t<meta name=\"twitter:label2\" content=\"Est. reading time\" \/>\n\t<meta name=\"twitter:data2\" content=\"7 minutes\" \/>\n<script type=\"application\/ld+json\" class=\"yoast-schema-graph\">{\"@context\":\"https:\\\/\\\/schema.org\",\"@graph\":[{\"@type\":\"Article\",\"@id\":\"https:\\\/\\\/befve.com\\\/en\\\/les-expeditions-de-myrtilles-peruviennes-nettement-en-avance-sur-la-saison-derniere-par-gourmet-trading-co-et-freshplaza\\\/#article\",\"isPartOf\":{\"@id\":\"https:\\\/\\\/befve.com\\\/en\\\/les-expeditions-de-myrtilles-peruviennes-nettement-en-avance-sur-la-saison-derniere-par-gourmet-trading-co-et-freshplaza\\\/\"},\"author\":{\"name\":\"Christian\",\"@id\":\"https:\\\/\\\/befve.com\\\/en\\\/#\\\/schema\\\/person\\\/ef49a1871aa7378da9d8d3cd2875d9b3\"},\"headline\":\"Les exp\u00e9ditions de myrtilles p\u00e9ruviennes nettement en avance sur la saison derni\u00e8re par Gourmet Trading Co et Freshplaza\",\"datePublished\":\"2026-09-01T14:05:10+00:00\",\"dateModified\":\"2026-09-01T14:05:12+00:00\",\"mainEntityOfPage\":{\"@id\":\"https:\\\/\\\/befve.com\\\/en\\\/les-expeditions-de-myrtilles-peruviennes-nettement-en-avance-sur-la-saison-derniere-par-gourmet-trading-co-et-freshplaza\\\/\"},\"wordCount\":1217,\"publisher\":{\"@id\":\"https:\\\/\\\/befve.com\\\/en\\\/#organization\"},\"image\":{\"@id\":\"https:\\\/\\\/befve.com\\\/en\\\/les-expeditions-de-myrtilles-peruviennes-nettement-en-avance-sur-la-saison-derniere-par-gourmet-trading-co-et-freshplaza\\\/#primaryimage\"},\"thumbnailUrl\":\"https:\\\/\\\/befve.com\\\/wp-content\\\/uploads\\\/2026\\\/05\\\/articles-Christian-Befve-scaled.jpg\",\"articleSection\":[\"Non cat\u00e9goris\u00e9\"],\"inLanguage\":\"en-US\"},{\"@type\":\"WebPage\",\"@id\":\"https:\\\/\\\/befve.com\\\/en\\\/les-expeditions-de-myrtilles-peruviennes-nettement-en-avance-sur-la-saison-derniere-par-gourmet-trading-co-et-freshplaza\\\/\",\"url\":\"https:\\\/\\\/befve.com\\\/en\\\/les-expeditions-de-myrtilles-peruviennes-nettement-en-avance-sur-la-saison-derniere-par-gourmet-trading-co-et-freshplaza\\\/\",\"name\":\"Les exp\u00e9ditions de myrtilles p\u00e9ruviennes nettement en avance sur la saison derni\u00e8re par Gourmet Trading Co et Freshplaza - Befve &amp; Co\",\"isPartOf\":{\"@id\":\"https:\\\/\\\/befve.com\\\/en\\\/#website\"},\"primaryImageOfPage\":{\"@id\":\"https:\\\/\\\/befve.com\\\/en\\\/les-expeditions-de-myrtilles-peruviennes-nettement-en-avance-sur-la-saison-derniere-par-gourmet-trading-co-et-freshplaza\\\/#primaryimage\"},\"image\":{\"@id\":\"https:\\\/\\\/befve.com\\\/en\\\/les-expeditions-de-myrtilles-peruviennes-nettement-en-avance-sur-la-saison-derniere-par-gourmet-trading-co-et-freshplaza\\\/#primaryimage\"},\"thumbnailUrl\":\"https:\\\/\\\/befve.com\\\/wp-content\\\/uploads\\\/2026\\\/05\\\/articles-Christian-Befve-scaled.jpg\",\"datePublished\":\"2026-09-01T14:05:10+00:00\",\"dateModified\":\"2026-09-01T14:05:12+00:00\",\"breadcrumb\":{\"@id\":\"https:\\\/\\\/befve.com\\\/en\\\/les-expeditions-de-myrtilles-peruviennes-nettement-en-avance-sur-la-saison-derniere-par-gourmet-trading-co-et-freshplaza\\\/#breadcrumb\"},\"inLanguage\":\"en-US\",\"potentialAction\":[{\"@type\":\"ReadAction\",\"target\":[\"https:\\\/\\\/befve.com\\\/en\\\/les-expeditions-de-myrtilles-peruviennes-nettement-en-avance-sur-la-saison-derniere-par-gourmet-trading-co-et-freshplaza\\\/\"]}]},{\"@type\":\"ImageObject\",\"inLanguage\":\"en-US\",\"@id\":\"https:\\\/\\\/befve.com\\\/en\\\/les-expeditions-de-myrtilles-peruviennes-nettement-en-avance-sur-la-saison-derniere-par-gourmet-trading-co-et-freshplaza\\\/#primaryimage\",\"url\":\"https:\\\/\\\/befve.com\\\/wp-content\\\/uploads\\\/2026\\\/05\\\/articles-Christian-Befve-scaled.jpg\",\"contentUrl\":\"https:\\\/\\\/befve.com\\\/wp-content\\\/uploads\\\/2026\\\/05\\\/articles-Christian-Befve-scaled.jpg\",\"width\":2560,\"height\":512},{\"@type\":\"BreadcrumbList\",\"@id\":\"https:\\\/\\\/befve.com\\\/en\\\/les-expeditions-de-myrtilles-peruviennes-nettement-en-avance-sur-la-saison-derniere-par-gourmet-trading-co-et-freshplaza\\\/#breadcrumb\",\"itemListElement\":[{\"@type\":\"ListItem\",\"position\":1,\"name\":\"Accueil\",\"item\":\"https:\\\/\\\/befve.com\\\/en\\\/\"},{\"@type\":\"ListItem\",\"position\":2,\"name\":\"Les exp\u00e9ditions de myrtilles p\u00e9ruviennes nettement en avance sur la saison derni\u00e8re par Gourmet Trading Co et Freshplaza\"}]},{\"@type\":\"WebSite\",\"@id\":\"https:\\\/\\\/befve.com\\\/en\\\/#website\",\"url\":\"https:\\\/\\\/befve.com\\\/en\\\/\",\"name\":\"Befve &Co\",\"description\":\"Christian Befve expert &amp; consultant asperges\",\"publisher\":{\"@id\":\"https:\\\/\\\/befve.com\\\/en\\\/#organization\"},\"potentialAction\":[{\"@type\":\"SearchAction\",\"target\":{\"@type\":\"EntryPoint\",\"urlTemplate\":\"https:\\\/\\\/befve.com\\\/en\\\/?s={search_term_string}\"},\"query-input\":{\"@type\":\"PropertyValueSpecification\",\"valueRequired\":true,\"valueName\":\"search_term_string\"}}],\"inLanguage\":\"en-US\"},{\"@type\":\"Organization\",\"@id\":\"https:\\\/\\\/befve.com\\\/en\\\/#organization\",\"name\":\"Befve &Co\",\"alternateName\":\"Befve &Co\",\"url\":\"https:\\\/\\\/befve.com\\\/en\\\/\",\"logo\":{\"@type\":\"ImageObject\",\"inLanguage\":\"en-US\",\"@id\":\"https:\\\/\\\/befve.com\\\/en\\\/#\\\/schema\\\/logo\\\/image\\\/\",\"url\":\"https:\\\/\\\/befve.com\\\/wp-content\\\/uploads\\\/logo_green.svg\",\"contentUrl\":\"https:\\\/\\\/befve.com\\\/wp-content\\\/uploads\\\/logo_green.svg\",\"caption\":\"Befve &Co\"},\"image\":{\"@id\":\"https:\\\/\\\/befve.com\\\/en\\\/#\\\/schema\\\/logo\\\/image\\\/\"}},{\"@type\":\"Person\",\"@id\":\"https:\\\/\\\/befve.com\\\/en\\\/#\\\/schema\\\/person\\\/ef49a1871aa7378da9d8d3cd2875d9b3\",\"name\":\"Christian\",\"image\":{\"@type\":\"ImageObject\",\"inLanguage\":\"en-US\",\"@id\":\"https:\\\/\\\/secure.gravatar.com\\\/avatar\\\/aed3b721e8892b7d9bfd8295ae750fe92318b00b510c39bdb269ef3aac0241cc?s=96&d=mm&r=g\",\"url\":\"https:\\\/\\\/secure.gravatar.com\\\/avatar\\\/aed3b721e8892b7d9bfd8295ae750fe92318b00b510c39bdb269ef3aac0241cc?s=96&d=mm&r=g\",\"contentUrl\":\"https:\\\/\\\/secure.gravatar.com\\\/avatar\\\/aed3b721e8892b7d9bfd8295ae750fe92318b00b510c39bdb269ef3aac0241cc?s=96&d=mm&r=g\",\"caption\":\"Christian\"},\"url\":\"https:\\\/\\\/befve.com\\\/en\\\/author\\\/christian\\\/\"}]}<\/script>\n<!-- \/ Yoast SEO plugin. -->","yoast_head_json":{"title":"Les exp\u00e9ditions de myrtilles p\u00e9ruviennes nettement en avance sur la saison derni\u00e8re par Gourmet Trading Co et Freshplaza - Befve &amp; Co","robots":{"index":"index","follow":"follow","max-snippet":"max-snippet:-1","max-image-preview":"max-image-preview:large","max-video-preview":"max-video-preview:-1"},"canonical":"https:\/\/befve.com\/en\/les-expeditions-de-myrtilles-peruviennes-nettement-en-avance-sur-la-saison-derniere-par-gourmet-trading-co-et-freshplaza\/","og_locale":"en_US","og_type":"article","og_title":"Les exp\u00e9ditions de myrtilles p\u00e9ruviennes nettement en avance sur la saison derni\u00e8re par Gourmet Trading Co et Freshplaza - Befve &amp; Co","og_description":"R\u00e9duction du volume global attendue Les exp\u00e9ditions de myrtilles p\u00e9ruviennes nettement en avance sur la saison derni\u00e8re La campagne p\u00e9ruvienne de myrtilles est en avance sur le calendrier habituel. Des temp\u00e9ratures plus \u00e9lev\u00e9es que la normale ont acc\u00e9l\u00e9r\u00e9 le d\u00e9veloppement des cultures. Ce ph\u00e9nom\u00e8ne devrait \u00e9galement provoquer un pic de production plus pr\u00e9coce que d&#8217;ordinaire, [&hellip;]","og_url":"https:\/\/befve.com\/en\/les-expeditions-de-myrtilles-peruviennes-nettement-en-avance-sur-la-saison-derniere-par-gourmet-trading-co-et-freshplaza\/","og_site_name":"Befve &amp; Co","article_published_time":"2026-09-01T14:05:10+00:00","article_modified_time":"2026-09-01T14:05:12+00:00","og_image":[{"width":2560,"height":512,"url":"https:\/\/befve.com\/wp-content\/uploads\/2026\/05\/articles-Christian-Befve-scaled.jpg","type":"image\/jpeg"}],"author":"Christian","twitter_card":"summary_large_image","twitter_misc":{"Written by":"Christian","Est. reading time":"7 minutes"},"schema":{"@context":"https:\/\/schema.org","@graph":[{"@type":"Article","@id":"https:\/\/befve.com\/en\/les-expeditions-de-myrtilles-peruviennes-nettement-en-avance-sur-la-saison-derniere-par-gourmet-trading-co-et-freshplaza\/#article","isPartOf":{"@id":"https:\/\/befve.com\/en\/les-expeditions-de-myrtilles-peruviennes-nettement-en-avance-sur-la-saison-derniere-par-gourmet-trading-co-et-freshplaza\/"},"author":{"name":"Christian","@id":"https:\/\/befve.com\/en\/#\/schema\/person\/ef49a1871aa7378da9d8d3cd2875d9b3"},"headline":"Les exp\u00e9ditions de myrtilles p\u00e9ruviennes nettement en avance sur la saison derni\u00e8re par Gourmet Trading Co et Freshplaza","datePublished":"2026-09-01T14:05:10+00:00","dateModified":"2026-09-01T14:05:12+00:00","mainEntityOfPage":{"@id":"https:\/\/befve.com\/en\/les-expeditions-de-myrtilles-peruviennes-nettement-en-avance-sur-la-saison-derniere-par-gourmet-trading-co-et-freshplaza\/"},"wordCount":1217,"publisher":{"@id":"https:\/\/befve.com\/en\/#organization"},"image":{"@id":"https:\/\/befve.com\/en\/les-expeditions-de-myrtilles-peruviennes-nettement-en-avance-sur-la-saison-derniere-par-gourmet-trading-co-et-freshplaza\/#primaryimage"},"thumbnailUrl":"https:\/\/befve.com\/wp-content\/uploads\/2026\/05\/articles-Christian-Befve-scaled.jpg","articleSection":["Non cat\u00e9goris\u00e9"],"inLanguage":"en-US"},{"@type":"WebPage","@id":"https:\/\/befve.com\/en\/les-expeditions-de-myrtilles-peruviennes-nettement-en-avance-sur-la-saison-derniere-par-gourmet-trading-co-et-freshplaza\/","url":"https:\/\/befve.com\/en\/les-expeditions-de-myrtilles-peruviennes-nettement-en-avance-sur-la-saison-derniere-par-gourmet-trading-co-et-freshplaza\/","name":"Les exp\u00e9ditions de myrtilles p\u00e9ruviennes nettement en avance sur la saison derni\u00e8re par Gourmet Trading Co et Freshplaza - Befve &amp; Co","isPartOf":{"@id":"https:\/\/befve.com\/en\/#website"},"primaryImageOfPage":{"@id":"https:\/\/befve.com\/en\/les-expeditions-de-myrtilles-peruviennes-nettement-en-avance-sur-la-saison-derniere-par-gourmet-trading-co-et-freshplaza\/#primaryimage"},"image":{"@id":"https:\/\/befve.com\/en\/les-expeditions-de-myrtilles-peruviennes-nettement-en-avance-sur-la-saison-derniere-par-gourmet-trading-co-et-freshplaza\/#primaryimage"},"thumbnailUrl":"https:\/\/befve.com\/wp-content\/uploads\/2026\/05\/articles-Christian-Befve-scaled.jpg","datePublished":"2026-09-01T14:05:10+00:00","dateModified":"2026-09-01T14:05:12+00:00","breadcrumb":{"@id":"https:\/\/befve.com\/en\/les-expeditions-de-myrtilles-peruviennes-nettement-en-avance-sur-la-saison-derniere-par-gourmet-trading-co-et-freshplaza\/#breadcrumb"},"inLanguage":"en-US","potentialAction":[{"@type":"ReadAction","target":["https:\/\/befve.com\/en\/les-expeditions-de-myrtilles-peruviennes-nettement-en-avance-sur-la-saison-derniere-par-gourmet-trading-co-et-freshplaza\/"]}]},{"@type":"ImageObject","inLanguage":"en-US","@id":"https:\/\/befve.com\/en\/les-expeditions-de-myrtilles-peruviennes-nettement-en-avance-sur-la-saison-derniere-par-gourmet-trading-co-et-freshplaza\/#primaryimage","url":"https:\/\/befve.com\/wp-content\/uploads\/2026\/05\/articles-Christian-Befve-scaled.jpg","contentUrl":"https:\/\/befve.com\/wp-content\/uploads\/2026\/05\/articles-Christian-Befve-scaled.jpg","width":2560,"height":512},{"@type":"BreadcrumbList","@id":"https:\/\/befve.com\/en\/les-expeditions-de-myrtilles-peruviennes-nettement-en-avance-sur-la-saison-derniere-par-gourmet-trading-co-et-freshplaza\/#breadcrumb","itemListElement":[{"@type":"ListItem","position":1,"name":"Accueil","item":"https:\/\/befve.com\/en\/"},{"@type":"ListItem","position":2,"name":"Les exp\u00e9ditions de myrtilles p\u00e9ruviennes nettement en avance sur la saison derni\u00e8re par Gourmet Trading Co et Freshplaza"}]},{"@type":"WebSite","@id":"https:\/\/befve.com\/en\/#website","url":"https:\/\/befve.com\/en\/","name":"Befve &Co","description":"Christian Befve expert &amp; consultant asperges","publisher":{"@id":"https:\/\/befve.com\/en\/#organization"},"potentialAction":[{"@type":"SearchAction","target":{"@type":"EntryPoint","urlTemplate":"https:\/\/befve.com\/en\/?s={search_term_string}"},"query-input":{"@type":"PropertyValueSpecification","valueRequired":true,"valueName":"search_term_string"}}],"inLanguage":"en-US"},{"@type":"Organization","@id":"https:\/\/befve.com\/en\/#organization","name":"Befve &Co","alternateName":"Befve &Co","url":"https:\/\/befve.com\/en\/","logo":{"@type":"ImageObject","inLanguage":"en-US","@id":"https:\/\/befve.com\/en\/#\/schema\/logo\/image\/","url":"https:\/\/befve.com\/wp-content\/uploads\/logo_green.svg","contentUrl":"https:\/\/befve.com\/wp-content\/uploads\/logo_green.svg","caption":"Befve &Co"},"image":{"@id":"https:\/\/befve.com\/en\/#\/schema\/logo\/image\/"}},{"@type":"Person","@id":"https:\/\/befve.com\/en\/#\/schema\/person\/ef49a1871aa7378da9d8d3cd2875d9b3","name":"Christian","image":{"@type":"ImageObject","inLanguage":"en-US","@id":"https:\/\/secure.gravatar.com\/avatar\/aed3b721e8892b7d9bfd8295ae750fe92318b00b510c39bdb269ef3aac0241cc?s=96&d=mm&r=g","url":"https:\/\/secure.gravatar.com\/avatar\/aed3b721e8892b7d9bfd8295ae750fe92318b00b510c39bdb269ef3aac0241cc?s=96&d=mm&r=g","contentUrl":"https:\/\/secure.gravatar.com\/avatar\/aed3b721e8892b7d9bfd8295ae750fe92318b00b510c39bdb269ef3aac0241cc?s=96&d=mm&r=g","caption":"Christian"},"url":"https:\/\/befve.com\/en\/author\/christian\/"}]}},"_links":{"self":[{"href":"https:\/\/befve.com\/en\/wp-json\/wp\/v2\/posts\/267743","targetHints":{"allow":["GET"]}}],"collection":[{"href":"https:\/\/befve.com\/en\/wp-json\/wp\/v2\/posts"}],"about":[{"href":"https:\/\/befve.com\/en\/wp-json\/wp\/v2\/types\/post"}],"author":[{"embeddable":true,"href":"https:\/\/befve.com\/en\/wp-json\/wp\/v2\/users\/7"}],"replies":[{"embeddable":true,"href":"https:\/\/befve.com\/en\/wp-json\/wp\/v2\/comments?post=267743"}],"version-history":[{"count":1,"href":"https:\/\/befve.com\/en\/wp-json\/wp\/v2\/posts\/267743\/revisions"}],"predecessor-version":[{"id":267744,"href":"https:\/\/befve.com\/en\/wp-json\/wp\/v2\/posts\/267743\/revisions\/267744"}],"wp:featuredmedia":[{"embeddable":true,"href":"https:\/\/befve.com\/en\/wp-json\/wp\/v2\/media\/266085"}],"wp:attachment":[{"href":"https:\/\/befve.com\/en\/wp-json\/wp\/v2\/media?parent=267743"}],"wp:term":[{"taxonomy":"category","embeddable":true,"href":"https:\/\/befve.com\/en\/wp-json\/wp\/v2\/categories?post=267743"},{"taxonomy":"post_tag","embeddable":true,"href":"https:\/\/befve.com\/en\/wp-json\/wp\/v2\/tags?post=267743"}],"curies":[{"name":"wp","href":"https:\/\/api.w.org\/{rel}","templated":true}]}}