{"id":267755,"date":"2026-09-04T14:39:55","date_gmt":"2026-09-04T14:39:55","guid":{"rendered":"https:\/\/befve.com\/?p=267755"},"modified":"2026-09-04T14:39:56","modified_gmt":"2026-09-04T14:39:56","slug":"nous-avons-reussi-a-echelonner-la-premiere-recolte-mais-pour-la-deuxieme-toutes-les-fraises-etaient-mures-en-meme-temps-par-freshplaza","status":"publish","type":"post","link":"https:\/\/befve.com\/en\/nous-avons-reussi-a-echelonner-la-premiere-recolte-mais-pour-la-deuxieme-toutes-les-fraises-etaient-mures-en-meme-temps-par-freshplaza\/","title":{"rendered":"Nous avons r\u00e9ussi \u00e0 \u00e9chelonner la premi\u00e8re r\u00e9colte, mais pour la deuxi\u00e8me, toutes les fraises \u00e9taient m\u00fbres en m\u00eame temps par FreshPlaza"},"content":{"rendered":"\n<p class=\"wp-block-paragraph\">ssKwekerij Demedts -De Mey (Belgique)<\/p>\n\n\n\n<p class=\"wp-block-paragraph\"><\/p>\n\n\n\n<h1 class=\"wp-block-heading\">\u00ab Nous avons r\u00e9ussi \u00e0 \u00e9chelonner la premi\u00e8re r\u00e9colte, mais pour la deuxi\u00e8me, toutes les fraises \u00e9taient m\u00fbres en m\u00eame temps \u00bb<\/h1>\n\n\n\n<p class=\"wp-block-paragraph\">L&#8217;\u00e9t\u00e9 a \u00e9t\u00e9 chaud et intense pour la p\u00e9pini\u00e8re Demedts-De Mey, mais d&#8217;un point de vue commercial, la saison est satisfaisante. \u00ab Ce fut un \u00e9t\u00e9 chaud et difficile, mais les ventes ont bien march\u00e9. C&#8217;est d\u00e9j\u00e0 un avantage. C\u00f4t\u00e9 culture, il a parfois fallu lutter contre les caprices de la nature, mais nous n&#8217;avons pas \u00e0 nous plaindre \u00bb, explique Benoit Demedts.<\/p>\n\n\n\n<p class=\"wp-block-paragraph\">Les temp\u00e9ratures \u00e9lev\u00e9es ont toutefois pos\u00e9 quelques d\u00e9fis en mati\u00e8re de culture, surtout pour les fraises o\u00f9 la chaleur a pes\u00e9 sur la production \u00e0 certains moments. \u00ab Nous continuons \u00e0 \u00e9claircir ici et l\u00e0 alors que cela aurait d\u00fb \u00eatre fait plus t\u00f4t. \u00c0 cause de la chaleur, nous avons un peu plus de petits fruits que d&#8217;habitude. Et la pollinisation ne s&#8217;est pas toujours d\u00e9roul\u00e9e de mani\u00e8re optimale, car les bourdons volaient moins bien \u00e0 ces temp\u00e9ratures. \u00bb<\/p>\n\n\n\n<figure class=\"wp-block-image\"><img decoding=\"async\" src=\"https:\/\/www.freshplaza.fr\/remote\/https\/agfstorage.blob.core.windows.net\/misc\/AGF_nl\/2026\/09\/03\/benoit7.jpg?preset=ContentFullSmall\" alt=\"\"\/><\/figure>\n\n\n\n<p class=\"wp-block-paragraph\">Pourtant, selon Demedts, la qualit\u00e9 est rest\u00e9e globalement bonne. Cela s&#8217;explique notamment par le choix de la vari\u00e9t\u00e9 Karima. \u00ab Avec Karima, les premi\u00e8res fraises de la nouvelle branche sont parfois un peu moins bien form\u00e9es, ce qui peut donner un fruit tordu. Mais dans l&#8217;ensemble, la qualit\u00e9 est rest\u00e9e et reste bonne. Si je compare cela \u00e0 une vari\u00e9t\u00e9 qui ramollit plus vite par temps chaud, je suis content d&#8217;avoir principalement plant\u00e9 Karima. \u00bb<\/p>\n\n\n\n<p class=\"wp-block-paragraph\"><strong>Importantes vagues de production<\/strong><br>La chaleur a eu des r\u00e9percussions non seulement sur la culture, mais aussi sur l&#8217;organisation du travail. Lorsque plusieurs sections entrent en production en m\u00eame temps, la pression peut rapidement monter. \u00ab \u00c7a a \u00e9t\u00e9 un \u00e9t\u00e9 difficile. Nous avons un personnel formidable et nous essayons d&#8217;en prendre bien soin, car ces personnes font vraiment beaucoup pour nous. Mais quand on doit maintenir un tel rythme de travail en permanence, cela devrait bien s\u00fbr \u00eatre r\u00e9compens\u00e9 \u00e0 sa juste valeur. \u00bb<\/p>\n\n\n\n<p class=\"wp-block-paragraph\">C&#8217;est pourquoi, au sein de l&#8217;exploitation, l&#8217;\u00e9talement de la production est crucial. Cela a bien fonctionn\u00e9 lors de la premi\u00e8re vague, mais par la suite, plusieurs sections sont entr\u00e9es en production simultan\u00e9ment. \u00ab Nous avons tr\u00e8s bien r\u00e9ussi \u00e0 \u00e9taler la premi\u00e8re vague. Lors de la deuxi\u00e8me vague, tout a commenc\u00e9 en m\u00eame temps. On s&#8217;est alors retrouv\u00e9 avec des montagnes de fraises, litt\u00e9ralement. Heureusement, la qualit\u00e9 \u00e9tait au rendez-vous, mais il nous a fallu veiller \u00e0 tout \u00e9couler rapidement. \u00bb<\/p>\n\n\n\n<p class=\"wp-block-paragraph\">Au final, la production a tout de m\u00eame pu \u00eatre bien g\u00e9r\u00e9e. \u00ab En fait, nous avons toujours pu garder le contr\u00f4le. \u00c0 certains moments, nous aurions peut-\u00eatre pr\u00e9f\u00e9r\u00e9 \u00e9couler un peu plus de produit chez certains n\u00e9gociants, surtout lorsque le prix \u00e9tait favorable. Mais nous n&#8217;avons pas \u00e0 nous plaindre. Nous avons r\u00e9ussi \u00e0 bien g\u00e9rer la situation. \u00bb<\/p>\n\n\n\n<p class=\"wp-block-paragraph\"><strong>Accords de prix et expansion<\/strong><br>Demedts-De Mey fonctionne en partie avec des accords sur les prix. Cela offre une certaine stabilit\u00e9 sur un march\u00e9 fortement influenc\u00e9 par les conditions m\u00e9t\u00e9o. En m\u00eame temps, il faut toujours trouver le juste \u00e9quilibre. \u00ab Tout le monde doit gagner sa vie. Pas seulement nous, mais aussi ceux qui ach\u00e8tent nos fraises. Ils sont tout \u00e0 fait dispos\u00e9s \u00e0 payer un peu plus si eux aussi peuvent jouer le jeu et r\u00e9aliser leur marge. \u00bb<\/p>\n\n\n\n<figure class=\"wp-block-image\"><img decoding=\"async\" src=\"https:\/\/www.freshplaza.fr\/remote\/https\/agfstorage.blob.core.windows.net\/misc\/AGF_nl\/2026\/09\/03\/benoit4.jpg?preset=ContentFullSmall\" alt=\"\"\/><\/figure>\n\n\n\n<p class=\"wp-block-paragraph\">L&#8217;extension pr\u00e9vue de la superficie consacr\u00e9e aux fraises suscite une certaine inqui\u00e9tude, la superficie totale en Belgique et aux Pays-Bas pouvant augmenter consid\u00e9rablement l&#8217;ann\u00e9e prochaine. \u00ab Environ 120 ha viendront s&#8217;ajouter entre les Pays-Bas et la Belgique. C&#8217;est beaucoup. Surtout si nous avons \u00e0 nouveau une ann\u00e9e avec des productions \u00e9normes en juin et juillet. Si tout le monde dispose simultan\u00e9ment d&#8217;une grande quantit\u00e9 de produit, cela met la pression sur l&#8217;ensemble du march\u00e9. \u00bb<\/p>\n\n\n\n<p class=\"wp-block-paragraph\">\u00ab Les march\u00e9s au cadran ont bien s\u00fbr pour objectif de commercialiser le plus grand nombre possible de kilo et dispose pour cela d&#8217;une vue d&#8217;ensemble de l&#8217;offre disponible. Cependant, en cas de surproduction, il n&#8217;est pas facile, m\u00eame pour eux, d&#8217;obtenir le meilleur prix possible. C&#8217;est pr\u00e9cis\u00e9ment dans ces moments-l\u00e0 qu&#8217;il devient d&#8217;autant plus important, en tant que producteur, de se d\u00e9marquer. La qualit\u00e9 et le go\u00fbt jouent un r\u00f4le crucial. En proposant un produit solide et de qualit\u00e9 et, dans la mesure du possible, en concluant des accords de prix clairs, nous pouvons nous assurer d&#8217;obtenir le meilleur r\u00e9sultat possible et le plus rentable. \u00bb<\/p>\n\n\n\n<p class=\"wp-block-paragraph\">Selon Demedts, le march\u00e9 des fraises peut en outre basculer tr\u00e8s rapidement. \u00ab Une culture peut \u00eatre tr\u00e8s mauvaise pendant quatre semaines, puis excellente pendant les quatre ou cinq suiventes. Parfois, on gagne autant avec un petit chargement qu&#8217;avec deux camions qui font la navette. C&#8217;est la nature, et nous n&#8217;avons pas tout sous contr\u00f4le. \u00bb<\/p>\n\n\n\n<p class=\"wp-block-paragraph\"><strong>Nouvelles cultures<\/strong><br>Maintenant que les conditions extr\u00eames sont derri\u00e8re nous, le producteur voit les cultures se r\u00e9tablir. \u00ab Il y a moins de poussi\u00e8re. Nous avons eu un peu de pluie et cela fait du bien. Les derni\u00e8res plantes que nous avons mises en terre ont un aspect tr\u00e8s diff\u00e9rent de celles plant\u00e9es en juin et juillet. Elles peuvent s&#8217;acclimater et pousser beaucoup plus sereinement. Cela se refl\u00e8te dans la production, mais surtout dans la qualit\u00e9. \u00bb<\/p>\n\n\n\n<figure class=\"wp-block-image\"><img decoding=\"async\" src=\"https:\/\/www.freshplaza.fr\/remote\/https\/agfstorage.blob.core.windows.net\/misc\/AGF_nl\/2026\/09\/03\/benoit8.jpg?preset=ContentFullSmall\" alt=\"\"\/><\/figure>\n\n\n\n<p class=\"wp-block-paragraph\">Demedts s&#8217;attend donc \u00e0 une situation plus stable pour l&#8217;automne. \u00ab Les ventes aux particuliers connaissent traditionnellement un l\u00e9ger recul d\u00e8s le d\u00e9but du mois de septembre, notamment en raison de la rentr\u00e9e scolaire et des d\u00e9penses suppl\u00e9mentaires qui l&#8217;accompagnent. Septembre est toujours un mois co\u00fbteux. Apr\u00e8s les vacances, viennent s&#8217;ajouter les manuels scolaires et autres d\u00e9penses. S&#8217;il fait beau, les ventes marchent bien. En cas de pluie, la demande est plus faible et les consommateurs se tournent plus volontiers vers les l\u00e9gumes. \u00bb<\/p>\n\n\n\n<p class=\"wp-block-paragraph\">En revanche, du c\u00f4t\u00e9 des professionnels, les affaires reprennent. \u00ab Les boulangers se remettent en route. Pour eux, l&#8217;automne est une p\u00e9riode id\u00e9ale pour confectionner des g\u00e2teaux, pourquoi pas avec des jolies fraises. L&#8217;objectif est de mainteniur la continuit\u00e9 jusqu&#8217;aux f\u00eates de fin d&#8217;ann\u00e9e. Les derni\u00e8res plantations ont \u00e9t\u00e9 programm\u00e9es il y a une semaine dans le but d&#8217;assurer la production jusqu&#8217;au Nouvel An. Nous ne savons bien s\u00fbr pas ce que septembre et octobre nous r\u00e9servent, mais si le temps est cl\u00e9ment et que les plants continuent \u00e0 bien fleurir, tout devrait bien se passer. \u00bb<\/p>\n\n\n\n<p class=\"wp-block-paragraph\"><strong>Framboises populaires \u00e0 l&#8217;automne<\/strong><br>Outre les fraises, la culture des framboises reste un pilier important. Les ventes se sont bien d\u00e9roul\u00e9es pendant l&#8217;\u00e9t\u00e9. \u00ab La framboise vient toujours apr\u00e8s la fraise, donc nous avons l\u00e0 aussi encha\u00een\u00e9 les vagues de chaleur. Mais sur le plan commercial, \u00e7a a bien fonctionn\u00e9. Des ventes excellentes et des cultures correctes. \u00bb<\/p>\n\n\n\n<figure class=\"wp-block-image\"><img decoding=\"async\" src=\"https:\/\/www.freshplaza.fr\/remote\/https\/agfstorage.blob.core.windows.net\/misc\/AGF_nl\/2025\/05\/20\/kersben6.jpg?preset=ContentFullSmall\" alt=\"\"\/><\/figure>\n\n\n\n<p class=\"wp-block-paragraph\">Actuellement, Demedts &#8211; De Mey travaille avec les vari\u00e9t\u00e9s Kwanza et Tulameen, qui n\u00e9cessite une attention particuli\u00e8re par temps chaud. \u00ab Tulameen est une framboise d\u00e9licieuse, mais un peu plus fragile. Il faut \u00eatre tr\u00e8s r\u00e9actif et veiller \u00e0 ce que tout soit parfait. Nous avons quelques clients fran\u00e7ais qui en raffolent, donc \u00e7a marche tr\u00e8s bien, m\u00eame l&#8217;automne venu. Les sonsommateurs viennent souvent pour des fraises, mais repartent aussi avec des m\u00fbres et des framboises. En automne, ces derni\u00e8res se vendent peut-\u00eatre m\u00eame plus vite que les fraises. Les enfants les adorent et elles sont faciles \u00e0 emporter \u00e0 l&#8217;\u00e9cole. \u00bb<\/p>\n\n\n\n<p class=\"wp-block-paragraph\">Pour Tulameen, le producteur entrevoit toutefois un d\u00e9fi pour l&#8217;ann\u00e9e prochaine car les plants sont difficiles \u00e0 trouver. \u00ab Je n&#8217;ai pas pu me procurer de plants de Tulameen pour l&#8217;ann\u00e9e prochaine. Apparemment, l&#8217;offre chez les p\u00e9pini\u00e9ristes n\u00e9erlandais diminue, donc si quelqu&#8217;un en a encore, je suis preneur ! \u00bb<\/p>\n\n\n\n<p class=\"wp-block-paragraph\"><strong>Optimisme<\/strong><br>Malgr\u00e9 des conditions de travail difficiles, le bilan de l&#8217;\u00e9t\u00e9 est positif. \u00ab \u00c7a a \u00e9t\u00e9 difficile au niveau culture, mais les ventes ont \u00e9t\u00e9 bonnes. Tant que tout se vend, on n&#8217;a pas \u00e0 se plaindre. Le travail est difficile, mais s&#8217;il paie, on voit les choses sous un autre angle. \u00bb<\/p>\n\n\n\n<p class=\"wp-block-paragraph\">Selon lui, le principal enjeu pour les ann\u00e9es \u00e0 venir ne r\u00e9side donc pas tant dans les techniques de culture que dans l&#8217;\u00e9volution de la superficie cultiv\u00e9e. \u00ab Tout le monde a le droit de s&#8217;agrandir et d&#8217;aller de l&#8217;avant. Mais ce d\u00e9veloppement massif m&#8217;inqui\u00e8te un peu. Si trop de produits arrivent en m\u00eame temps sur le march\u00e9, \u00e7a peut vite mal tourner. \u00bb<\/p>\n\n\n\n<p class=\"wp-block-paragraph\">Pour plus d&#8217;informations :<br>Benoit Demedts<br><strong>Kwekerij Demedts &#8211; De Mey<img loading=\"lazy\" decoding=\"async\" class=\"\" src=\"https:\/\/www.freshplaza.fr\/remote\/https\/agfstorage.blob.core.windows.net\/misc\/AGF_nl\/2023\/05\/26\/demedts5.jpg?preset=ContentCustom\" alt=\"\" width=\"124\" height=\"71\"><\/strong><br>T\u00e9l. : +32 479690867<br><a href=\"mailto:benoitdemedts@gmail.com?subject=Reactie op AGF.nl artikel\" target=\"_blank\" rel=\"noopener\">benoitdemedts@gmail.com<\/a><br><a href=\"http:\/\/www.demedts-demey.be\" target=\"_blank\" rel=\"noopener\">www.demedts-demey.be<\/a><\/p>\n","protected":false},"excerpt":{"rendered":"<p>ssKwekerij Demedts -De Mey (Belgique) \u00ab Nous avons r\u00e9ussi \u00e0 \u00e9chelonner la premi\u00e8re r\u00e9colte, mais pour la deuxi\u00e8me, toutes les fraises \u00e9taient m\u00fbres en m\u00eame temps \u00bb L&#8217;\u00e9t\u00e9 a \u00e9t\u00e9 chaud et intense pour la p\u00e9pini\u00e8re Demedts-De Mey, mais d&#8217;un point de vue commercial, la saison est satisfaisante. \u00ab Ce fut un \u00e9t\u00e9 chaud et [&hellip;]<\/p>\n","protected":false},"author":7,"featured_media":266085,"comment_status":"closed","ping_status":"closed","sticky":false,"template":"","format":"standard","meta":{"_acf_changed":false,"iawp_total_views":0,"footnotes":""},"categories":[1],"tags":[],"class_list":["post-267755","post","type-post","status-publish","format-standard","has-post-thumbnail","hentry","category-non-categorise"],"acf":[],"featured_image_url":{"thumbnail":"https:\/\/befve.com\/wp-content\/uploads\/2026\/05\/articles-Christian-Befve-150x150.jpg","medium":"https:\/\/befve.com\/wp-content\/uploads\/2026\/05\/articles-Christian-Befve-300x60.jpg","medium_large":"https:\/\/befve.com\/wp-content\/uploads\/2026\/05\/articles-Christian-Befve-768x154.jpg","large":"https:\/\/befve.com\/wp-content\/uploads\/2026\/05\/articles-Christian-Befve-1024x205.jpg","1536x1536":"https:\/\/befve.com\/wp-content\/uploads\/2026\/05\/articles-Christian-Befve-1536x307.jpg","2048x2048":"https:\/\/befve.com\/wp-content\/uploads\/2026\/05\/articles-Christian-Befve-2048x410.jpg"},"post_author":"Christian","assigned_categories":"Non cat\u00e9goris\u00e9","yoast_head":"<!-- This site is optimized with the Yoast SEO plugin v28.4 - https:\/\/yoast.com\/product\/yoast-seo-wordpress\/ -->\n<title>Nous avons r\u00e9ussi \u00e0 \u00e9chelonner la premi\u00e8re r\u00e9colte, mais pour la deuxi\u00e8me, toutes les fraises \u00e9taient m\u00fbres en m\u00eame temps par FreshPlaza - Befve &amp; Co<\/title>\n<meta name=\"robots\" content=\"index, follow, max-snippet:-1, max-image-preview:large, max-video-preview:-1\" \/>\n<link rel=\"canonical\" href=\"https:\/\/befve.com\/en\/nous-avons-reussi-a-echelonner-la-premiere-recolte-mais-pour-la-deuxieme-toutes-les-fraises-etaient-mures-en-meme-temps-par-freshplaza\/\" \/>\n<meta property=\"og:locale\" content=\"en_US\" \/>\n<meta property=\"og:type\" content=\"article\" \/>\n<meta property=\"og:title\" content=\"Nous avons r\u00e9ussi \u00e0 \u00e9chelonner la premi\u00e8re r\u00e9colte, mais pour la deuxi\u00e8me, toutes les fraises \u00e9taient m\u00fbres en m\u00eame temps par FreshPlaza - Befve &amp; Co\" \/>\n<meta property=\"og:description\" content=\"ssKwekerij Demedts -De Mey (Belgique) \u00ab Nous avons r\u00e9ussi \u00e0 \u00e9chelonner la premi\u00e8re r\u00e9colte, mais pour la deuxi\u00e8me, toutes les fraises \u00e9taient m\u00fbres en m\u00eame temps \u00bb L&#8217;\u00e9t\u00e9 a \u00e9t\u00e9 chaud et intense pour la p\u00e9pini\u00e8re Demedts-De Mey, mais d&#8217;un point de vue commercial, la saison est satisfaisante. \u00ab Ce fut un \u00e9t\u00e9 chaud et [&hellip;]\" \/>\n<meta property=\"og:url\" content=\"https:\/\/befve.com\/en\/nous-avons-reussi-a-echelonner-la-premiere-recolte-mais-pour-la-deuxieme-toutes-les-fraises-etaient-mures-en-meme-temps-par-freshplaza\/\" \/>\n<meta property=\"og:site_name\" content=\"Befve &amp; Co\" \/>\n<meta property=\"article:published_time\" content=\"2026-09-04T14:39:55+00:00\" \/>\n<meta property=\"article:modified_time\" content=\"2026-09-04T14:39:56+00:00\" \/>\n<meta property=\"og:image\" content=\"https:\/\/befve.com\/wp-content\/uploads\/2026\/05\/articles-Christian-Befve-scaled.jpg\" \/>\n\t<meta property=\"og:image:width\" content=\"2560\" \/>\n\t<meta property=\"og:image:height\" content=\"512\" \/>\n\t<meta property=\"og:image:type\" content=\"image\/jpeg\" \/>\n<meta name=\"author\" content=\"Christian\" \/>\n<meta name=\"twitter:card\" content=\"summary_large_image\" \/>\n<meta name=\"twitter:label1\" content=\"Written by\" \/>\n\t<meta name=\"twitter:data1\" content=\"Christian\" \/>\n\t<meta name=\"twitter:label2\" content=\"Est. reading time\" \/>\n\t<meta name=\"twitter:data2\" content=\"8 minutes\" \/>\n<script type=\"application\/ld+json\" class=\"yoast-schema-graph\">{\"@context\":\"https:\\\/\\\/schema.org\",\"@graph\":[{\"@type\":\"Article\",\"@id\":\"https:\\\/\\\/befve.com\\\/en\\\/nous-avons-reussi-a-echelonner-la-premiere-recolte-mais-pour-la-deuxieme-toutes-les-fraises-etaient-mures-en-meme-temps-par-freshplaza\\\/#article\",\"isPartOf\":{\"@id\":\"https:\\\/\\\/befve.com\\\/en\\\/nous-avons-reussi-a-echelonner-la-premiere-recolte-mais-pour-la-deuxieme-toutes-les-fraises-etaient-mures-en-meme-temps-par-freshplaza\\\/\"},\"author\":{\"name\":\"Christian\",\"@id\":\"https:\\\/\\\/befve.com\\\/en\\\/#\\\/schema\\\/person\\\/ef49a1871aa7378da9d8d3cd2875d9b3\"},\"headline\":\"Nous avons r\u00e9ussi \u00e0 \u00e9chelonner la premi\u00e8re r\u00e9colte, mais pour la deuxi\u00e8me, toutes les fraises \u00e9taient m\u00fbres en m\u00eame temps par FreshPlaza\",\"datePublished\":\"2026-09-04T14:39:55+00:00\",\"dateModified\":\"2026-09-04T14:39:56+00:00\",\"mainEntityOfPage\":{\"@id\":\"https:\\\/\\\/befve.com\\\/en\\\/nous-avons-reussi-a-echelonner-la-premiere-recolte-mais-pour-la-deuxieme-toutes-les-fraises-etaient-mures-en-meme-temps-par-freshplaza\\\/\"},\"wordCount\":1553,\"publisher\":{\"@id\":\"https:\\\/\\\/befve.com\\\/en\\\/#organization\"},\"image\":{\"@id\":\"https:\\\/\\\/befve.com\\\/en\\\/nous-avons-reussi-a-echelonner-la-premiere-recolte-mais-pour-la-deuxieme-toutes-les-fraises-etaient-mures-en-meme-temps-par-freshplaza\\\/#primaryimage\"},\"thumbnailUrl\":\"https:\\\/\\\/befve.com\\\/wp-content\\\/uploads\\\/2026\\\/05\\\/articles-Christian-Befve-scaled.jpg\",\"articleSection\":[\"Non cat\u00e9goris\u00e9\"],\"inLanguage\":\"en-US\"},{\"@type\":\"WebPage\",\"@id\":\"https:\\\/\\\/befve.com\\\/en\\\/nous-avons-reussi-a-echelonner-la-premiere-recolte-mais-pour-la-deuxieme-toutes-les-fraises-etaient-mures-en-meme-temps-par-freshplaza\\\/\",\"url\":\"https:\\\/\\\/befve.com\\\/en\\\/nous-avons-reussi-a-echelonner-la-premiere-recolte-mais-pour-la-deuxieme-toutes-les-fraises-etaient-mures-en-meme-temps-par-freshplaza\\\/\",\"name\":\"Nous avons r\u00e9ussi \u00e0 \u00e9chelonner la premi\u00e8re r\u00e9colte, mais pour la deuxi\u00e8me, toutes les fraises \u00e9taient m\u00fbres en m\u00eame temps par FreshPlaza - Befve &amp; Co\",\"isPartOf\":{\"@id\":\"https:\\\/\\\/befve.com\\\/en\\\/#website\"},\"primaryImageOfPage\":{\"@id\":\"https:\\\/\\\/befve.com\\\/en\\\/nous-avons-reussi-a-echelonner-la-premiere-recolte-mais-pour-la-deuxieme-toutes-les-fraises-etaient-mures-en-meme-temps-par-freshplaza\\\/#primaryimage\"},\"image\":{\"@id\":\"https:\\\/\\\/befve.com\\\/en\\\/nous-avons-reussi-a-echelonner-la-premiere-recolte-mais-pour-la-deuxieme-toutes-les-fraises-etaient-mures-en-meme-temps-par-freshplaza\\\/#primaryimage\"},\"thumbnailUrl\":\"https:\\\/\\\/befve.com\\\/wp-content\\\/uploads\\\/2026\\\/05\\\/articles-Christian-Befve-scaled.jpg\",\"datePublished\":\"2026-09-04T14:39:55+00:00\",\"dateModified\":\"2026-09-04T14:39:56+00:00\",\"breadcrumb\":{\"@id\":\"https:\\\/\\\/befve.com\\\/en\\\/nous-avons-reussi-a-echelonner-la-premiere-recolte-mais-pour-la-deuxieme-toutes-les-fraises-etaient-mures-en-meme-temps-par-freshplaza\\\/#breadcrumb\"},\"inLanguage\":\"en-US\",\"potentialAction\":[{\"@type\":\"ReadAction\",\"target\":[\"https:\\\/\\\/befve.com\\\/en\\\/nous-avons-reussi-a-echelonner-la-premiere-recolte-mais-pour-la-deuxieme-toutes-les-fraises-etaient-mures-en-meme-temps-par-freshplaza\\\/\"]}]},{\"@type\":\"ImageObject\",\"inLanguage\":\"en-US\",\"@id\":\"https:\\\/\\\/befve.com\\\/en\\\/nous-avons-reussi-a-echelonner-la-premiere-recolte-mais-pour-la-deuxieme-toutes-les-fraises-etaient-mures-en-meme-temps-par-freshplaza\\\/#primaryimage\",\"url\":\"https:\\\/\\\/befve.com\\\/wp-content\\\/uploads\\\/2026\\\/05\\\/articles-Christian-Befve-scaled.jpg\",\"contentUrl\":\"https:\\\/\\\/befve.com\\\/wp-content\\\/uploads\\\/2026\\\/05\\\/articles-Christian-Befve-scaled.jpg\",\"width\":2560,\"height\":512},{\"@type\":\"BreadcrumbList\",\"@id\":\"https:\\\/\\\/befve.com\\\/en\\\/nous-avons-reussi-a-echelonner-la-premiere-recolte-mais-pour-la-deuxieme-toutes-les-fraises-etaient-mures-en-meme-temps-par-freshplaza\\\/#breadcrumb\",\"itemListElement\":[{\"@type\":\"ListItem\",\"position\":1,\"name\":\"Accueil\",\"item\":\"https:\\\/\\\/befve.com\\\/en\\\/\"},{\"@type\":\"ListItem\",\"position\":2,\"name\":\"Nous avons r\u00e9ussi \u00e0 \u00e9chelonner la premi\u00e8re r\u00e9colte, mais pour la deuxi\u00e8me, toutes les fraises \u00e9taient m\u00fbres en m\u00eame temps par FreshPlaza\"}]},{\"@type\":\"WebSite\",\"@id\":\"https:\\\/\\\/befve.com\\\/en\\\/#website\",\"url\":\"https:\\\/\\\/befve.com\\\/en\\\/\",\"name\":\"Befve &Co\",\"description\":\"Christian Befve expert &amp; consultant asperges\",\"publisher\":{\"@id\":\"https:\\\/\\\/befve.com\\\/en\\\/#organization\"},\"potentialAction\":[{\"@type\":\"SearchAction\",\"target\":{\"@type\":\"EntryPoint\",\"urlTemplate\":\"https:\\\/\\\/befve.com\\\/en\\\/?s={search_term_string}\"},\"query-input\":{\"@type\":\"PropertyValueSpecification\",\"valueRequired\":true,\"valueName\":\"search_term_string\"}}],\"inLanguage\":\"en-US\"},{\"@type\":\"Organization\",\"@id\":\"https:\\\/\\\/befve.com\\\/en\\\/#organization\",\"name\":\"Befve &Co\",\"alternateName\":\"Befve &Co\",\"url\":\"https:\\\/\\\/befve.com\\\/en\\\/\",\"logo\":{\"@type\":\"ImageObject\",\"inLanguage\":\"en-US\",\"@id\":\"https:\\\/\\\/befve.com\\\/en\\\/#\\\/schema\\\/logo\\\/image\\\/\",\"url\":\"https:\\\/\\\/befve.com\\\/wp-content\\\/uploads\\\/logo_green.svg\",\"contentUrl\":\"https:\\\/\\\/befve.com\\\/wp-content\\\/uploads\\\/logo_green.svg\",\"caption\":\"Befve &Co\"},\"image\":{\"@id\":\"https:\\\/\\\/befve.com\\\/en\\\/#\\\/schema\\\/logo\\\/image\\\/\"}},{\"@type\":\"Person\",\"@id\":\"https:\\\/\\\/befve.com\\\/en\\\/#\\\/schema\\\/person\\\/ef49a1871aa7378da9d8d3cd2875d9b3\",\"name\":\"Christian\",\"image\":{\"@type\":\"ImageObject\",\"inLanguage\":\"en-US\",\"@id\":\"https:\\\/\\\/secure.gravatar.com\\\/avatar\\\/aed3b721e8892b7d9bfd8295ae750fe92318b00b510c39bdb269ef3aac0241cc?s=96&d=mm&r=g\",\"url\":\"https:\\\/\\\/secure.gravatar.com\\\/avatar\\\/aed3b721e8892b7d9bfd8295ae750fe92318b00b510c39bdb269ef3aac0241cc?s=96&d=mm&r=g\",\"contentUrl\":\"https:\\\/\\\/secure.gravatar.com\\\/avatar\\\/aed3b721e8892b7d9bfd8295ae750fe92318b00b510c39bdb269ef3aac0241cc?s=96&d=mm&r=g\",\"caption\":\"Christian\"},\"url\":\"https:\\\/\\\/befve.com\\\/en\\\/author\\\/christian\\\/\"}]}<\/script>\n<!-- \/ Yoast SEO plugin. -->","yoast_head_json":{"title":"Nous avons r\u00e9ussi \u00e0 \u00e9chelonner la premi\u00e8re r\u00e9colte, mais pour la deuxi\u00e8me, toutes les fraises \u00e9taient m\u00fbres en m\u00eame temps par FreshPlaza - Befve &amp; Co","robots":{"index":"index","follow":"follow","max-snippet":"max-snippet:-1","max-image-preview":"max-image-preview:large","max-video-preview":"max-video-preview:-1"},"canonical":"https:\/\/befve.com\/en\/nous-avons-reussi-a-echelonner-la-premiere-recolte-mais-pour-la-deuxieme-toutes-les-fraises-etaient-mures-en-meme-temps-par-freshplaza\/","og_locale":"en_US","og_type":"article","og_title":"Nous avons r\u00e9ussi \u00e0 \u00e9chelonner la premi\u00e8re r\u00e9colte, mais pour la deuxi\u00e8me, toutes les fraises \u00e9taient m\u00fbres en m\u00eame temps par FreshPlaza - Befve &amp; Co","og_description":"ssKwekerij Demedts -De Mey (Belgique) \u00ab Nous avons r\u00e9ussi \u00e0 \u00e9chelonner la premi\u00e8re r\u00e9colte, mais pour la deuxi\u00e8me, toutes les fraises \u00e9taient m\u00fbres en m\u00eame temps \u00bb L&#8217;\u00e9t\u00e9 a \u00e9t\u00e9 chaud et intense pour la p\u00e9pini\u00e8re Demedts-De Mey, mais d&#8217;un point de vue commercial, la saison est satisfaisante. \u00ab Ce fut un \u00e9t\u00e9 chaud et [&hellip;]","og_url":"https:\/\/befve.com\/en\/nous-avons-reussi-a-echelonner-la-premiere-recolte-mais-pour-la-deuxieme-toutes-les-fraises-etaient-mures-en-meme-temps-par-freshplaza\/","og_site_name":"Befve &amp; Co","article_published_time":"2026-09-04T14:39:55+00:00","article_modified_time":"2026-09-04T14:39:56+00:00","og_image":[{"width":2560,"height":512,"url":"https:\/\/befve.com\/wp-content\/uploads\/2026\/05\/articles-Christian-Befve-scaled.jpg","type":"image\/jpeg"}],"author":"Christian","twitter_card":"summary_large_image","twitter_misc":{"Written by":"Christian","Est. reading time":"8 minutes"},"schema":{"@context":"https:\/\/schema.org","@graph":[{"@type":"Article","@id":"https:\/\/befve.com\/en\/nous-avons-reussi-a-echelonner-la-premiere-recolte-mais-pour-la-deuxieme-toutes-les-fraises-etaient-mures-en-meme-temps-par-freshplaza\/#article","isPartOf":{"@id":"https:\/\/befve.com\/en\/nous-avons-reussi-a-echelonner-la-premiere-recolte-mais-pour-la-deuxieme-toutes-les-fraises-etaient-mures-en-meme-temps-par-freshplaza\/"},"author":{"name":"Christian","@id":"https:\/\/befve.com\/en\/#\/schema\/person\/ef49a1871aa7378da9d8d3cd2875d9b3"},"headline":"Nous avons r\u00e9ussi \u00e0 \u00e9chelonner la premi\u00e8re r\u00e9colte, mais pour la deuxi\u00e8me, toutes les fraises \u00e9taient m\u00fbres en m\u00eame temps par FreshPlaza","datePublished":"2026-09-04T14:39:55+00:00","dateModified":"2026-09-04T14:39:56+00:00","mainEntityOfPage":{"@id":"https:\/\/befve.com\/en\/nous-avons-reussi-a-echelonner-la-premiere-recolte-mais-pour-la-deuxieme-toutes-les-fraises-etaient-mures-en-meme-temps-par-freshplaza\/"},"wordCount":1553,"publisher":{"@id":"https:\/\/befve.com\/en\/#organization"},"image":{"@id":"https:\/\/befve.com\/en\/nous-avons-reussi-a-echelonner-la-premiere-recolte-mais-pour-la-deuxieme-toutes-les-fraises-etaient-mures-en-meme-temps-par-freshplaza\/#primaryimage"},"thumbnailUrl":"https:\/\/befve.com\/wp-content\/uploads\/2026\/05\/articles-Christian-Befve-scaled.jpg","articleSection":["Non cat\u00e9goris\u00e9"],"inLanguage":"en-US"},{"@type":"WebPage","@id":"https:\/\/befve.com\/en\/nous-avons-reussi-a-echelonner-la-premiere-recolte-mais-pour-la-deuxieme-toutes-les-fraises-etaient-mures-en-meme-temps-par-freshplaza\/","url":"https:\/\/befve.com\/en\/nous-avons-reussi-a-echelonner-la-premiere-recolte-mais-pour-la-deuxieme-toutes-les-fraises-etaient-mures-en-meme-temps-par-freshplaza\/","name":"Nous avons r\u00e9ussi \u00e0 \u00e9chelonner la premi\u00e8re r\u00e9colte, mais pour la deuxi\u00e8me, toutes les fraises \u00e9taient m\u00fbres en m\u00eame temps par FreshPlaza - Befve &amp; Co","isPartOf":{"@id":"https:\/\/befve.com\/en\/#website"},"primaryImageOfPage":{"@id":"https:\/\/befve.com\/en\/nous-avons-reussi-a-echelonner-la-premiere-recolte-mais-pour-la-deuxieme-toutes-les-fraises-etaient-mures-en-meme-temps-par-freshplaza\/#primaryimage"},"image":{"@id":"https:\/\/befve.com\/en\/nous-avons-reussi-a-echelonner-la-premiere-recolte-mais-pour-la-deuxieme-toutes-les-fraises-etaient-mures-en-meme-temps-par-freshplaza\/#primaryimage"},"thumbnailUrl":"https:\/\/befve.com\/wp-content\/uploads\/2026\/05\/articles-Christian-Befve-scaled.jpg","datePublished":"2026-09-04T14:39:55+00:00","dateModified":"2026-09-04T14:39:56+00:00","breadcrumb":{"@id":"https:\/\/befve.com\/en\/nous-avons-reussi-a-echelonner-la-premiere-recolte-mais-pour-la-deuxieme-toutes-les-fraises-etaient-mures-en-meme-temps-par-freshplaza\/#breadcrumb"},"inLanguage":"en-US","potentialAction":[{"@type":"ReadAction","target":["https:\/\/befve.com\/en\/nous-avons-reussi-a-echelonner-la-premiere-recolte-mais-pour-la-deuxieme-toutes-les-fraises-etaient-mures-en-meme-temps-par-freshplaza\/"]}]},{"@type":"ImageObject","inLanguage":"en-US","@id":"https:\/\/befve.com\/en\/nous-avons-reussi-a-echelonner-la-premiere-recolte-mais-pour-la-deuxieme-toutes-les-fraises-etaient-mures-en-meme-temps-par-freshplaza\/#primaryimage","url":"https:\/\/befve.com\/wp-content\/uploads\/2026\/05\/articles-Christian-Befve-scaled.jpg","contentUrl":"https:\/\/befve.com\/wp-content\/uploads\/2026\/05\/articles-Christian-Befve-scaled.jpg","width":2560,"height":512},{"@type":"BreadcrumbList","@id":"https:\/\/befve.com\/en\/nous-avons-reussi-a-echelonner-la-premiere-recolte-mais-pour-la-deuxieme-toutes-les-fraises-etaient-mures-en-meme-temps-par-freshplaza\/#breadcrumb","itemListElement":[{"@type":"ListItem","position":1,"name":"Accueil","item":"https:\/\/befve.com\/en\/"},{"@type":"ListItem","position":2,"name":"Nous avons r\u00e9ussi \u00e0 \u00e9chelonner la premi\u00e8re r\u00e9colte, mais pour la deuxi\u00e8me, toutes les fraises \u00e9taient m\u00fbres en m\u00eame temps par FreshPlaza"}]},{"@type":"WebSite","@id":"https:\/\/befve.com\/en\/#website","url":"https:\/\/befve.com\/en\/","name":"Befve &Co","description":"Christian Befve expert &amp; consultant asperges","publisher":{"@id":"https:\/\/befve.com\/en\/#organization"},"potentialAction":[{"@type":"SearchAction","target":{"@type":"EntryPoint","urlTemplate":"https:\/\/befve.com\/en\/?s={search_term_string}"},"query-input":{"@type":"PropertyValueSpecification","valueRequired":true,"valueName":"search_term_string"}}],"inLanguage":"en-US"},{"@type":"Organization","@id":"https:\/\/befve.com\/en\/#organization","name":"Befve &Co","alternateName":"Befve &Co","url":"https:\/\/befve.com\/en\/","logo":{"@type":"ImageObject","inLanguage":"en-US","@id":"https:\/\/befve.com\/en\/#\/schema\/logo\/image\/","url":"https:\/\/befve.com\/wp-content\/uploads\/logo_green.svg","contentUrl":"https:\/\/befve.com\/wp-content\/uploads\/logo_green.svg","caption":"Befve &Co"},"image":{"@id":"https:\/\/befve.com\/en\/#\/schema\/logo\/image\/"}},{"@type":"Person","@id":"https:\/\/befve.com\/en\/#\/schema\/person\/ef49a1871aa7378da9d8d3cd2875d9b3","name":"Christian","image":{"@type":"ImageObject","inLanguage":"en-US","@id":"https:\/\/secure.gravatar.com\/avatar\/aed3b721e8892b7d9bfd8295ae750fe92318b00b510c39bdb269ef3aac0241cc?s=96&d=mm&r=g","url":"https:\/\/secure.gravatar.com\/avatar\/aed3b721e8892b7d9bfd8295ae750fe92318b00b510c39bdb269ef3aac0241cc?s=96&d=mm&r=g","contentUrl":"https:\/\/secure.gravatar.com\/avatar\/aed3b721e8892b7d9bfd8295ae750fe92318b00b510c39bdb269ef3aac0241cc?s=96&d=mm&r=g","caption":"Christian"},"url":"https:\/\/befve.com\/en\/author\/christian\/"}]}},"_links":{"self":[{"href":"https:\/\/befve.com\/en\/wp-json\/wp\/v2\/posts\/267755","targetHints":{"allow":["GET"]}}],"collection":[{"href":"https:\/\/befve.com\/en\/wp-json\/wp\/v2\/posts"}],"about":[{"href":"https:\/\/befve.com\/en\/wp-json\/wp\/v2\/types\/post"}],"author":[{"embeddable":true,"href":"https:\/\/befve.com\/en\/wp-json\/wp\/v2\/users\/7"}],"replies":[{"embeddable":true,"href":"https:\/\/befve.com\/en\/wp-json\/wp\/v2\/comments?post=267755"}],"version-history":[{"count":1,"href":"https:\/\/befve.com\/en\/wp-json\/wp\/v2\/posts\/267755\/revisions"}],"predecessor-version":[{"id":267756,"href":"https:\/\/befve.com\/en\/wp-json\/wp\/v2\/posts\/267755\/revisions\/267756"}],"wp:featuredmedia":[{"embeddable":true,"href":"https:\/\/befve.com\/en\/wp-json\/wp\/v2\/media\/266085"}],"wp:attachment":[{"href":"https:\/\/befve.com\/en\/wp-json\/wp\/v2\/media?parent=267755"}],"wp:term":[{"taxonomy":"category","embeddable":true,"href":"https:\/\/befve.com\/en\/wp-json\/wp\/v2\/categories?post=267755"},{"taxonomy":"post_tag","embeddable":true,"href":"https:\/\/befve.com\/en\/wp-json\/wp\/v2\/tags?post=267755"}],"curies":[{"name":"wp","href":"https:\/\/api.w.org\/{rel}","templated":true}]}}