{"id":265961,"date":"2026-04-27T13:56:16","date_gmt":"2026-04-27T13:56:16","guid":{"rendered":"https:\/\/befve.com\/?p=265961"},"modified":"2026-04-27T13:56:17","modified_gmt":"2026-04-27T13:56:17","slug":"dun-commerce-frontalier-polonais-a-la-production-de-fraises-par-queen-berry-et-freshplaza","status":"publish","type":"post","link":"https:\/\/befve.com\/es\/dun-commerce-frontalier-polonais-a-la-production-de-fraises-par-queen-berry-et-freshplaza\/","title":{"rendered":"D&#8217;un commerce frontalier polonais \u00e0 la production de fraises par Queen Berry et FreshPlaza"},"content":{"rendered":"\n<h1 class=\"wp-block-heading\">D&#8217;un commerce frontalier polonais \u00e0 la production de fraises<\/h1>\n\n\n\n<p>\u00c0 premi\u00e8re vue, Queen Berry peut sembler \u00eatre un producteur de fruits rouges polonais parmi d&#8217;autres. En r\u00e9alit\u00e9, il s&#8217;agit d&#8217;une entreprise familiale forte de plus de 20 ans d&#8217;exp\u00e9rience dans le commerce transfrontalier, aujourd&#8217;hui sp\u00e9cialis\u00e9e dans les fraises premium cultiv\u00e9es sous tunnel et livr\u00e9es en quelques heures \u00e0 travers l&#8217;Europe.<\/p>\n\n\n\n<figure class=\"wp-block-image\"><img decoding=\"async\" src=\"https:\/\/www.freshplaza.fr\/remote\/https\/agfstorage.blob.core.windows.net\/misc\/FP_com\/2026\/04\/16\/Screenshot2026-04-16091534.png?preset=ContentFullSmall\" alt=\"\"\/><\/figure>\n\n\n\n<p><strong>La situation frontali\u00e8re a fa\u00e7onn\u00e9 le mod\u00e8le d&#8217;entreprise<\/strong><br>Bas\u00e9e \u00e0 Czerwona Woda, pr\u00e8s de la fronti\u00e8re allemande, l&#8217;entreprise s&#8217;est naturellement tourn\u00e9e vers les march\u00e9s ext\u00e9rieurs d\u00e8s ses d\u00e9buts. \u00ab Nous sommes proches de l&#8217;Allemagne, de Prague et de Varsovie \u00bb, explique Tomasz Pender. Avant l&#8217;adh\u00e9sion de la Pologne \u00e0 l&#8217;Union europ\u00e9enne, les fondateurs commercialisaient des pommes, des choux et d&#8217;autres produits \u00e0 travers les fronti\u00e8res, en s&#8217;adaptant aux fluctuations des prix et aux contraintes logistiques. \u00ab Chaque ann\u00e9e \u00e9tait diff\u00e9rente, mais nous trouvions toujours notre place. Cette exp\u00e9rience a \u00e9t\u00e9 d\u00e9terminante pour la suite. \u00bb<\/p>\n\n\n\n<figure class=\"wp-block-image\"><img decoding=\"async\" src=\"https:\/\/www.freshplaza.fr\/remote\/https\/agfstorage.blob.core.windows.net\/misc\/FP_com\/2026\/04\/16\/Screenshot2026-04-16091600.png?preset=ContentFullSmall\" alt=\"\"\/><\/figure>\n\n\n\n<p><strong>Du n\u00e9gociant au producteur : la d\u00e9cision du tunnel<\/strong><br>Il y a une dizaine d&#8217;ann\u00e9es, l&#8217;entreprise a d\u00e9cid\u00e9 de se lancer dans la production. Les fraises cultiv\u00e9es en plein champ ne r\u00e9pondaient pas aux exigences de r\u00e9gularit\u00e9 et de conservation. \u00ab Nous voulions mieux ma\u00eetriser la qualit\u00e9 \u00bb, explique Tomasz Pender. L&#8217;activit\u00e9 a d\u00e9but\u00e9 avec un hectare sous tunnel, mais la demande a rapidement d\u00e9pass\u00e9 l&#8217;offre. \u00ab D\u00e8s la premi\u00e8re ann\u00e9e, les volumes \u00e9taient insuffisants. \u00bb Aujourd&#8217;hui, Queen Berry exploite environ 15 hectares sous tunnel et poursuit son expansion.<\/p>\n\n\n\n<figure class=\"wp-block-image\"><img decoding=\"async\" src=\"https:\/\/www.freshplaza.fr\/remote\/https\/agfstorage.blob.core.windows.net\/misc\/FP_com\/2026\/04\/16\/VolgensQueenBerrylevertteeltondertunnelsgrotereenbetereaardbeienop.jpeg?preset=ContentCustom\" alt=\"\"\/><\/figure>\n\n\n\n<p>L&#8217;entreprise s&#8217;est sp\u00e9cialis\u00e9e exclusivement dans la fraise. \u00ab On ne peut pas \u00eatre performant sur tous les produits \u00bb, souligne Tomasz Pender. La vari\u00e9t\u00e9 Hadamar est privil\u00e9gi\u00e9e, avec des plants provenant notamment des Pays-Bas, en particulier de Van den Elzen Plants. L&#8217;accent est mis sur la douceur, l&#8217;aspect visuel et la qualit\u00e9 globale, en fonction des retours clients.<\/p>\n\n\n\n<p><strong>Un positionnement haut de gamme gr\u00e2ce \u00e0 la vitesse et au contr\u00f4le<br><\/strong>La rapidit\u00e9 constitue un \u00e9l\u00e9ment cl\u00e9 du positionnement. Les commandes sont r\u00e9colt\u00e9es puis livr\u00e9es d\u00e8s le lendemain matin gr\u00e2ce \u00e0 la flotte de camions de l&#8217;entreprise, permettant d&#8217;atteindre des march\u00e9s comme V\u00e9rone, Budapest ou Venlo en moins de 12 heures. La dur\u00e9e de conservation est \u00e9galement un atout : les fraises sous tunnel se conservent environ cinq jours, contre deux \u00e0 trois jours pour celles de plein champ. \u00ab Les clients savent qu&#8217;ils peuvent compter sur notre qualit\u00e9 et notre fra\u00eecheur \u00bb, affirme Tomasz Pender.<\/p>\n\n\n\n<p>La culture sous tunnel offre aussi une protection contre le gel, la pluie et les conditions climatiques extr\u00eames, renfor\u00e7ant la stabilit\u00e9 de la production. \u00ab Lorsque les cultures de plein champ sont en difficult\u00e9, nous sommes dans une position plus favorable. \u00bb<\/p>\n\n\n\n<p>Toutes les plantes sont cultiv\u00e9es sur des tables \u00e0 120 cm de hauteur, am\u00e9liorant \u00e0 la fois l&#8217;ergonomie et la productivit\u00e9. Ce syst\u00e8me permet \u00e9galement de mieux faire face \u00e0 la p\u00e9nurie de main-d&#8217;\u0153uvre, notamment parmi les travailleurs saisonniers ukrainiens.<\/p>\n\n\n\n<figure class=\"wp-block-image\"><img decoding=\"async\" src=\"https:\/\/www.freshplaza.fr\/remote\/https\/agfstorage.blob.core.windows.net\/misc\/FP_com\/2026\/04\/16\/QueenBerryheefteeneigenwagenpark.jpeg?preset=ContentFullSmall\" alt=\"\"\/><\/figure>\n\n\n\n<p><strong>Les cha\u00eenes de distribution remod\u00e8lent le march\u00e9<br><\/strong>Aujourd&#8217;hui, les cha\u00eenes de distribution occupent une place dominante, avec des volumes plus importants mais aussi des exigences accrues. Certifications, limites de r\u00e9sidus et audits font d\u00e9sormais partie du quotidien. \u00ab Il faut respecter les r\u00e9glementations, tout est contr\u00f4l\u00e9 \u00bb, souligne Tomasz Pender.<\/p>\n\n\n\n<p>Initialement centr\u00e9e sur l&#8217;Allemagne, Queen Berry s&#8217;est progressivement d\u00e9velopp\u00e9e sur d&#8217;autres march\u00e9s europ\u00e9ens et explore d\u00e9sormais des d\u00e9bouch\u00e9s en Scandinavie et aux Pays-Bas. \u00ab Nous achetons nos plants aux Pays-Bas, alors pourquoi ne pas y vendre aussi ? \u00bb, remarque Tomasz Pender.<\/p>\n\n\n\n<p>Apr\u00e8s une croissance de 30 % en 2025, l&#8217;entreprise reste prudente mais confiante. Sa strat\u00e9gie repose sur trois axes : d\u00e9velopper la production sous tunnel, rester sp\u00e9cialis\u00e9e dans la fraise et garantir des livraisons rapides de fruits premium \u00e0 l&#8217;\u00e9chelle europ\u00e9enne.<\/p>\n\n\n\n<p>Pour plus d&#8217;informations :<img decoding=\"async\" class=\"\" src=\"https:\/\/www.freshplaza.fr\/remote\/https\/agfstorage.blob.core.windows.net\/misc\/FP_com\/2026\/04\/16\/Screenshot2026-04-16091000.png?preset=ContentCustom\" alt=\"\" width=\"135\"><br><strong>Queen Berry<\/strong><br>T\u00e9l. : +48 500 247 802<br><a href=\"mailto:info@queenberry.eu?subject=Response to FreshPlaza.com article\" target=\"_blank\" rel=\"noreferrer noopener\">info@queenberry.eu<\/a><br><a href=\"http:\/\/www.queenberry.eu\" target=\"_blank\" rel=\"noreferrer noopener\">www.queenberry.eu<\/a> Date de publication: lun. 27 avr. 2026<\/p>\n\n\n\n<p>\u00a9 <a href=\"https:\/\/www.FreshPlaza.fr\">FreshPlaza.fr<\/a> \/ <a href=\"mailto:info@FreshPlaza.fr?subject=Reactie opD'un commerce frontalier polonais \u00e0 la production de fraises\">Contact<\/a><\/p>\n","protected":false},"excerpt":{"rendered":"<p>D&#8217;un commerce frontalier polonais \u00e0 la production de fraises \u00c0 premi\u00e8re vue, Queen Berry peut sembler \u00eatre un producteur de fruits rouges polonais parmi d&#8217;autres. En r\u00e9alit\u00e9, il s&#8217;agit d&#8217;une entreprise familiale forte de plus de 20 ans d&#8217;exp\u00e9rience dans le commerce transfrontalier, aujourd&#8217;hui sp\u00e9cialis\u00e9e dans les fraises premium cultiv\u00e9es sous tunnel et livr\u00e9es en [&hellip;]<\/p>\n","protected":false},"author":7,"featured_media":37267,"comment_status":"closed","ping_status":"closed","sticky":false,"template":"","format":"standard","meta":{"_acf_changed":false,"iawp_total_views":0,"footnotes":""},"categories":[1],"tags":[],"class_list":["post-265961","post","type-post","status-publish","format-standard","has-post-thumbnail","hentry","category-non-categorise"],"acf":[],"yoast_head":"<!-- This site is optimized with the Yoast SEO plugin v27.4 - https:\/\/yoast.com\/product\/yoast-seo-wordpress\/ -->\n<title>D&#039;un commerce frontalier polonais \u00e0 la production de fraises par Queen Berry et FreshPlaza - Befve &amp; Co<\/title>\n<meta name=\"robots\" content=\"index, follow, max-snippet:-1, max-image-preview:large, max-video-preview:-1\" \/>\n<link rel=\"canonical\" href=\"https:\/\/befve.com\/es\/dun-commerce-frontalier-polonais-a-la-production-de-fraises-par-queen-berry-et-freshplaza\/\" \/>\n<meta property=\"og:locale\" content=\"es_ES\" \/>\n<meta property=\"og:type\" content=\"article\" \/>\n<meta property=\"og:title\" content=\"D&#039;un commerce frontalier polonais \u00e0 la production de fraises par Queen Berry et FreshPlaza - Befve &amp; Co\" \/>\n<meta property=\"og:description\" content=\"D&#8217;un commerce frontalier polonais \u00e0 la production de fraises \u00c0 premi\u00e8re vue, Queen Berry peut sembler \u00eatre un producteur de fruits rouges polonais parmi d&#8217;autres. En r\u00e9alit\u00e9, il s&#8217;agit d&#8217;une entreprise familiale forte de plus de 20 ans d&#8217;exp\u00e9rience dans le commerce transfrontalier, aujourd&#8217;hui sp\u00e9cialis\u00e9e dans les fraises premium cultiv\u00e9es sous tunnel et livr\u00e9es en [&hellip;]\" \/>\n<meta property=\"og:url\" content=\"https:\/\/befve.com\/es\/dun-commerce-frontalier-polonais-a-la-production-de-fraises-par-queen-berry-et-freshplaza\/\" \/>\n<meta property=\"og:site_name\" content=\"Befve &amp; Co\" \/>\n<meta property=\"article:published_time\" content=\"2026-04-27T13:56:16+00:00\" \/>\n<meta property=\"article:modified_time\" content=\"2026-04-27T13:56:17+00:00\" \/>\n<meta property=\"og:image\" content=\"https:\/\/befve.com\/wp-content\/uploads\/articles-1.jpg\" \/>\n\t<meta property=\"og:image:width\" content=\"2444\" \/>\n\t<meta property=\"og:image:height\" content=\"1020\" \/>\n\t<meta property=\"og:image:type\" content=\"image\/jpeg\" \/>\n<meta name=\"author\" content=\"Christian\" \/>\n<meta name=\"twitter:card\" content=\"summary_large_image\" \/>\n<meta name=\"twitter:label1\" content=\"Escrito por\" \/>\n\t<meta name=\"twitter:data1\" content=\"Christian\" \/>\n\t<meta name=\"twitter:label2\" content=\"Tiempo de lectura\" \/>\n\t<meta name=\"twitter:data2\" content=\"5 minutos\" \/>\n<script type=\"application\/ld+json\" class=\"yoast-schema-graph\">{\"@context\":\"https:\\\/\\\/schema.org\",\"@graph\":[{\"@type\":\"Article\",\"@id\":\"https:\\\/\\\/befve.com\\\/es\\\/dun-commerce-frontalier-polonais-a-la-production-de-fraises-par-queen-berry-et-freshplaza\\\/#article\",\"isPartOf\":{\"@id\":\"https:\\\/\\\/befve.com\\\/es\\\/dun-commerce-frontalier-polonais-a-la-production-de-fraises-par-queen-berry-et-freshplaza\\\/\"},\"author\":{\"name\":\"Christian\",\"@id\":\"https:\\\/\\\/befve.com\\\/es\\\/#\\\/schema\\\/person\\\/ef49a1871aa7378da9d8d3cd2875d9b3\"},\"headline\":\"D&#8217;un commerce frontalier polonais \u00e0 la production de fraises par Queen Berry et FreshPlaza\",\"datePublished\":\"2026-04-27T13:56:16+00:00\",\"dateModified\":\"2026-04-27T13:56:17+00:00\",\"mainEntityOfPage\":{\"@id\":\"https:\\\/\\\/befve.com\\\/es\\\/dun-commerce-frontalier-polonais-a-la-production-de-fraises-par-queen-berry-et-freshplaza\\\/\"},\"wordCount\":725,\"publisher\":{\"@id\":\"https:\\\/\\\/befve.com\\\/es\\\/#organization\"},\"image\":{\"@id\":\"https:\\\/\\\/befve.com\\\/es\\\/dun-commerce-frontalier-polonais-a-la-production-de-fraises-par-queen-berry-et-freshplaza\\\/#primaryimage\"},\"thumbnailUrl\":\"https:\\\/\\\/befve.com\\\/wp-content\\\/uploads\\\/articles-1.jpg\",\"articleSection\":[\"Non cat\u00e9goris\u00e9\"],\"inLanguage\":\"es\"},{\"@type\":\"WebPage\",\"@id\":\"https:\\\/\\\/befve.com\\\/es\\\/dun-commerce-frontalier-polonais-a-la-production-de-fraises-par-queen-berry-et-freshplaza\\\/\",\"url\":\"https:\\\/\\\/befve.com\\\/es\\\/dun-commerce-frontalier-polonais-a-la-production-de-fraises-par-queen-berry-et-freshplaza\\\/\",\"name\":\"D'un commerce frontalier polonais \u00e0 la production de fraises par Queen Berry et FreshPlaza - Befve &amp; Co\",\"isPartOf\":{\"@id\":\"https:\\\/\\\/befve.com\\\/es\\\/#website\"},\"primaryImageOfPage\":{\"@id\":\"https:\\\/\\\/befve.com\\\/es\\\/dun-commerce-frontalier-polonais-a-la-production-de-fraises-par-queen-berry-et-freshplaza\\\/#primaryimage\"},\"image\":{\"@id\":\"https:\\\/\\\/befve.com\\\/es\\\/dun-commerce-frontalier-polonais-a-la-production-de-fraises-par-queen-berry-et-freshplaza\\\/#primaryimage\"},\"thumbnailUrl\":\"https:\\\/\\\/befve.com\\\/wp-content\\\/uploads\\\/articles-1.jpg\",\"datePublished\":\"2026-04-27T13:56:16+00:00\",\"dateModified\":\"2026-04-27T13:56:17+00:00\",\"breadcrumb\":{\"@id\":\"https:\\\/\\\/befve.com\\\/es\\\/dun-commerce-frontalier-polonais-a-la-production-de-fraises-par-queen-berry-et-freshplaza\\\/#breadcrumb\"},\"inLanguage\":\"es\",\"potentialAction\":[{\"@type\":\"ReadAction\",\"target\":[\"https:\\\/\\\/befve.com\\\/es\\\/dun-commerce-frontalier-polonais-a-la-production-de-fraises-par-queen-berry-et-freshplaza\\\/\"]}]},{\"@type\":\"ImageObject\",\"inLanguage\":\"es\",\"@id\":\"https:\\\/\\\/befve.com\\\/es\\\/dun-commerce-frontalier-polonais-a-la-production-de-fraises-par-queen-berry-et-freshplaza\\\/#primaryimage\",\"url\":\"https:\\\/\\\/befve.com\\\/wp-content\\\/uploads\\\/articles-1.jpg\",\"contentUrl\":\"https:\\\/\\\/befve.com\\\/wp-content\\\/uploads\\\/articles-1.jpg\",\"width\":2444,\"height\":1020,\"caption\":\"befve asperges\"},{\"@type\":\"BreadcrumbList\",\"@id\":\"https:\\\/\\\/befve.com\\\/es\\\/dun-commerce-frontalier-polonais-a-la-production-de-fraises-par-queen-berry-et-freshplaza\\\/#breadcrumb\",\"itemListElement\":[{\"@type\":\"ListItem\",\"position\":1,\"name\":\"Accueil\",\"item\":\"https:\\\/\\\/befve.com\\\/es\\\/\"},{\"@type\":\"ListItem\",\"position\":2,\"name\":\"D&#8217;un commerce frontalier polonais \u00e0 la production de fraises par Queen Berry et FreshPlaza\"}]},{\"@type\":\"WebSite\",\"@id\":\"https:\\\/\\\/befve.com\\\/es\\\/#website\",\"url\":\"https:\\\/\\\/befve.com\\\/es\\\/\",\"name\":\"Befve &Co\",\"description\":\"Christian Befve expert &amp; consultant asperges\",\"publisher\":{\"@id\":\"https:\\\/\\\/befve.com\\\/es\\\/#organization\"},\"potentialAction\":[{\"@type\":\"SearchAction\",\"target\":{\"@type\":\"EntryPoint\",\"urlTemplate\":\"https:\\\/\\\/befve.com\\\/es\\\/?s={search_term_string}\"},\"query-input\":{\"@type\":\"PropertyValueSpecification\",\"valueRequired\":true,\"valueName\":\"search_term_string\"}}],\"inLanguage\":\"es\"},{\"@type\":\"Organization\",\"@id\":\"https:\\\/\\\/befve.com\\\/es\\\/#organization\",\"name\":\"Befve &Co\",\"alternateName\":\"Befve &Co\",\"url\":\"https:\\\/\\\/befve.com\\\/es\\\/\",\"logo\":{\"@type\":\"ImageObject\",\"inLanguage\":\"es\",\"@id\":\"https:\\\/\\\/befve.com\\\/es\\\/#\\\/schema\\\/logo\\\/image\\\/\",\"url\":\"https:\\\/\\\/befve.com\\\/wp-content\\\/uploads\\\/logo_green.svg\",\"contentUrl\":\"https:\\\/\\\/befve.com\\\/wp-content\\\/uploads\\\/logo_green.svg\",\"caption\":\"Befve &Co\"},\"image\":{\"@id\":\"https:\\\/\\\/befve.com\\\/es\\\/#\\\/schema\\\/logo\\\/image\\\/\"}},{\"@type\":\"Person\",\"@id\":\"https:\\\/\\\/befve.com\\\/es\\\/#\\\/schema\\\/person\\\/ef49a1871aa7378da9d8d3cd2875d9b3\",\"name\":\"Christian\",\"image\":{\"@type\":\"ImageObject\",\"inLanguage\":\"es\",\"@id\":\"https:\\\/\\\/secure.gravatar.com\\\/avatar\\\/aed3b721e8892b7d9bfd8295ae750fe92318b00b510c39bdb269ef3aac0241cc?s=96&d=mm&r=g\",\"url\":\"https:\\\/\\\/secure.gravatar.com\\\/avatar\\\/aed3b721e8892b7d9bfd8295ae750fe92318b00b510c39bdb269ef3aac0241cc?s=96&d=mm&r=g\",\"contentUrl\":\"https:\\\/\\\/secure.gravatar.com\\\/avatar\\\/aed3b721e8892b7d9bfd8295ae750fe92318b00b510c39bdb269ef3aac0241cc?s=96&d=mm&r=g\",\"caption\":\"Christian\"},\"url\":\"https:\\\/\\\/befve.com\\\/es\\\/author\\\/christian\\\/\"}]}<\/script>\n<!-- \/ Yoast SEO plugin. -->","yoast_head_json":{"title":"D'un commerce frontalier polonais \u00e0 la production de fraises par Queen Berry et FreshPlaza - Befve &amp; Co","robots":{"index":"index","follow":"follow","max-snippet":"max-snippet:-1","max-image-preview":"max-image-preview:large","max-video-preview":"max-video-preview:-1"},"canonical":"https:\/\/befve.com\/es\/dun-commerce-frontalier-polonais-a-la-production-de-fraises-par-queen-berry-et-freshplaza\/","og_locale":"es_ES","og_type":"article","og_title":"D'un commerce frontalier polonais \u00e0 la production de fraises par Queen Berry et FreshPlaza - Befve &amp; Co","og_description":"D&#8217;un commerce frontalier polonais \u00e0 la production de fraises \u00c0 premi\u00e8re vue, Queen Berry peut sembler \u00eatre un producteur de fruits rouges polonais parmi d&#8217;autres. En r\u00e9alit\u00e9, il s&#8217;agit d&#8217;une entreprise familiale forte de plus de 20 ans d&#8217;exp\u00e9rience dans le commerce transfrontalier, aujourd&#8217;hui sp\u00e9cialis\u00e9e dans les fraises premium cultiv\u00e9es sous tunnel et livr\u00e9es en [&hellip;]","og_url":"https:\/\/befve.com\/es\/dun-commerce-frontalier-polonais-a-la-production-de-fraises-par-queen-berry-et-freshplaza\/","og_site_name":"Befve &amp; Co","article_published_time":"2026-04-27T13:56:16+00:00","article_modified_time":"2026-04-27T13:56:17+00:00","og_image":[{"width":2444,"height":1020,"url":"https:\/\/befve.com\/wp-content\/uploads\/articles-1.jpg","type":"image\/jpeg"}],"author":"Christian","twitter_card":"summary_large_image","twitter_misc":{"Escrito por":"Christian","Tiempo de lectura":"5 minutos"},"schema":{"@context":"https:\/\/schema.org","@graph":[{"@type":"Article","@id":"https:\/\/befve.com\/es\/dun-commerce-frontalier-polonais-a-la-production-de-fraises-par-queen-berry-et-freshplaza\/#article","isPartOf":{"@id":"https:\/\/befve.com\/es\/dun-commerce-frontalier-polonais-a-la-production-de-fraises-par-queen-berry-et-freshplaza\/"},"author":{"name":"Christian","@id":"https:\/\/befve.com\/es\/#\/schema\/person\/ef49a1871aa7378da9d8d3cd2875d9b3"},"headline":"D&#8217;un commerce frontalier polonais \u00e0 la production de fraises par Queen Berry et FreshPlaza","datePublished":"2026-04-27T13:56:16+00:00","dateModified":"2026-04-27T13:56:17+00:00","mainEntityOfPage":{"@id":"https:\/\/befve.com\/es\/dun-commerce-frontalier-polonais-a-la-production-de-fraises-par-queen-berry-et-freshplaza\/"},"wordCount":725,"publisher":{"@id":"https:\/\/befve.com\/es\/#organization"},"image":{"@id":"https:\/\/befve.com\/es\/dun-commerce-frontalier-polonais-a-la-production-de-fraises-par-queen-berry-et-freshplaza\/#primaryimage"},"thumbnailUrl":"https:\/\/befve.com\/wp-content\/uploads\/articles-1.jpg","articleSection":["Non cat\u00e9goris\u00e9"],"inLanguage":"es"},{"@type":"WebPage","@id":"https:\/\/befve.com\/es\/dun-commerce-frontalier-polonais-a-la-production-de-fraises-par-queen-berry-et-freshplaza\/","url":"https:\/\/befve.com\/es\/dun-commerce-frontalier-polonais-a-la-production-de-fraises-par-queen-berry-et-freshplaza\/","name":"D'un commerce frontalier polonais \u00e0 la production de fraises par Queen Berry et FreshPlaza - Befve &amp; Co","isPartOf":{"@id":"https:\/\/befve.com\/es\/#website"},"primaryImageOfPage":{"@id":"https:\/\/befve.com\/es\/dun-commerce-frontalier-polonais-a-la-production-de-fraises-par-queen-berry-et-freshplaza\/#primaryimage"},"image":{"@id":"https:\/\/befve.com\/es\/dun-commerce-frontalier-polonais-a-la-production-de-fraises-par-queen-berry-et-freshplaza\/#primaryimage"},"thumbnailUrl":"https:\/\/befve.com\/wp-content\/uploads\/articles-1.jpg","datePublished":"2026-04-27T13:56:16+00:00","dateModified":"2026-04-27T13:56:17+00:00","breadcrumb":{"@id":"https:\/\/befve.com\/es\/dun-commerce-frontalier-polonais-a-la-production-de-fraises-par-queen-berry-et-freshplaza\/#breadcrumb"},"inLanguage":"es","potentialAction":[{"@type":"ReadAction","target":["https:\/\/befve.com\/es\/dun-commerce-frontalier-polonais-a-la-production-de-fraises-par-queen-berry-et-freshplaza\/"]}]},{"@type":"ImageObject","inLanguage":"es","@id":"https:\/\/befve.com\/es\/dun-commerce-frontalier-polonais-a-la-production-de-fraises-par-queen-berry-et-freshplaza\/#primaryimage","url":"https:\/\/befve.com\/wp-content\/uploads\/articles-1.jpg","contentUrl":"https:\/\/befve.com\/wp-content\/uploads\/articles-1.jpg","width":2444,"height":1020,"caption":"befve asperges"},{"@type":"BreadcrumbList","@id":"https:\/\/befve.com\/es\/dun-commerce-frontalier-polonais-a-la-production-de-fraises-par-queen-berry-et-freshplaza\/#breadcrumb","itemListElement":[{"@type":"ListItem","position":1,"name":"Accueil","item":"https:\/\/befve.com\/es\/"},{"@type":"ListItem","position":2,"name":"D&#8217;un commerce frontalier polonais \u00e0 la production de fraises par Queen Berry et FreshPlaza"}]},{"@type":"WebSite","@id":"https:\/\/befve.com\/es\/#website","url":"https:\/\/befve.com\/es\/","name":"Befve &Co","description":"Christian Befve expert &amp; consultant asperges","publisher":{"@id":"https:\/\/befve.com\/es\/#organization"},"potentialAction":[{"@type":"SearchAction","target":{"@type":"EntryPoint","urlTemplate":"https:\/\/befve.com\/es\/?s={search_term_string}"},"query-input":{"@type":"PropertyValueSpecification","valueRequired":true,"valueName":"search_term_string"}}],"inLanguage":"es"},{"@type":"Organization","@id":"https:\/\/befve.com\/es\/#organization","name":"Befve &Co","alternateName":"Befve &Co","url":"https:\/\/befve.com\/es\/","logo":{"@type":"ImageObject","inLanguage":"es","@id":"https:\/\/befve.com\/es\/#\/schema\/logo\/image\/","url":"https:\/\/befve.com\/wp-content\/uploads\/logo_green.svg","contentUrl":"https:\/\/befve.com\/wp-content\/uploads\/logo_green.svg","caption":"Befve &Co"},"image":{"@id":"https:\/\/befve.com\/es\/#\/schema\/logo\/image\/"}},{"@type":"Person","@id":"https:\/\/befve.com\/es\/#\/schema\/person\/ef49a1871aa7378da9d8d3cd2875d9b3","name":"Christian","image":{"@type":"ImageObject","inLanguage":"es","@id":"https:\/\/secure.gravatar.com\/avatar\/aed3b721e8892b7d9bfd8295ae750fe92318b00b510c39bdb269ef3aac0241cc?s=96&d=mm&r=g","url":"https:\/\/secure.gravatar.com\/avatar\/aed3b721e8892b7d9bfd8295ae750fe92318b00b510c39bdb269ef3aac0241cc?s=96&d=mm&r=g","contentUrl":"https:\/\/secure.gravatar.com\/avatar\/aed3b721e8892b7d9bfd8295ae750fe92318b00b510c39bdb269ef3aac0241cc?s=96&d=mm&r=g","caption":"Christian"},"url":"https:\/\/befve.com\/es\/author\/christian\/"}]}},"_links":{"self":[{"href":"https:\/\/befve.com\/es\/wp-json\/wp\/v2\/posts\/265961","targetHints":{"allow":["GET"]}}],"collection":[{"href":"https:\/\/befve.com\/es\/wp-json\/wp\/v2\/posts"}],"about":[{"href":"https:\/\/befve.com\/es\/wp-json\/wp\/v2\/types\/post"}],"author":[{"embeddable":true,"href":"https:\/\/befve.com\/es\/wp-json\/wp\/v2\/users\/7"}],"replies":[{"embeddable":true,"href":"https:\/\/befve.com\/es\/wp-json\/wp\/v2\/comments?post=265961"}],"version-history":[{"count":1,"href":"https:\/\/befve.com\/es\/wp-json\/wp\/v2\/posts\/265961\/revisions"}],"predecessor-version":[{"id":265962,"href":"https:\/\/befve.com\/es\/wp-json\/wp\/v2\/posts\/265961\/revisions\/265962"}],"wp:featuredmedia":[{"embeddable":true,"href":"https:\/\/befve.com\/es\/wp-json\/wp\/v2\/media\/37267"}],"wp:attachment":[{"href":"https:\/\/befve.com\/es\/wp-json\/wp\/v2\/media?parent=265961"}],"wp:term":[{"taxonomy":"category","embeddable":true,"href":"https:\/\/befve.com\/es\/wp-json\/wp\/v2\/categories?post=265961"},{"taxonomy":"post_tag","embeddable":true,"href":"https:\/\/befve.com\/es\/wp-json\/wp\/v2\/tags?post=265961"}],"curies":[{"name":"wp","href":"https:\/\/api.w.org\/{rel}","templated":true}]}}