{"id":265963,"date":"2026-04-27T13:59:41","date_gmt":"2026-04-27T13:59:41","guid":{"rendered":"https:\/\/befve.com\/?p=265963"},"modified":"2026-04-27T13:59:42","modified_gmt":"2026-04-27T13:59:42","slug":"emballages-les-consommateurs-privilegient-de-plus-en-plus-le-prix-par-nnz-amerique-du-nord-et-freshplaza","status":"publish","type":"post","link":"https:\/\/befve.com\/es\/emballages-les-consommateurs-privilegient-de-plus-en-plus-le-prix-par-nnz-amerique-du-nord-et-freshplaza\/","title":{"rendered":"Emballages : les consommateurs privil\u00e9gient de plus en plus le prix par NNZ Am\u00e9rique du Nord et FreshPlaza"},"content":{"rendered":"\n<p>(Etats-Unis)<\/p>\n\n\n\n<h1 class=\"wp-block-heading\">Emballages : les consommateurs privil\u00e9gient de plus en plus le prix<\/h1>\n\n\n\n<p>L&#8217;emballage reste un \u00e9l\u00e9ment central de la cha\u00eene de valeur des produits frais. Il prot\u00e8ge les produits, limite les pertes et renforce la s\u00e9curit\u00e9 alimentaire. Il permet \u00e9galement d&#8217;allonger et de complexifier les cha\u00eenes d&#8217;approvisionnement. Au niveau du commerce de d\u00e9tail, il contribue \u00e0 l&#8217;efficacit\u00e9 op\u00e9rationnelle et \u00e0 la valorisation des marques. Si le vrac conserve une place importante, les formats emball\u00e9s gagnent du terrain en Am\u00e9rique du Nord, notamment pour les segments \u00e0 forte valeur ajout\u00e9e comme les baies, les salades et les produits pr\u00eats \u00e0 consommer.<\/p>\n\n\n\n<p><strong>Facteur de commodit\u00e9<br><\/strong>Pour les consommateurs, la praticit\u00e9 reste un crit\u00e8re d\u00e9terminant dans le choix des produits emball\u00e9s. Au Canada, les enjeux de durabilit\u00e9 sont parfois plus mis en avant qu&#8217;aux \u00c9tats-Unis, mais cette dynamique est davantage port\u00e9e par les pouvoirs publics que par la demande des consommateurs. \u00ab Le gouvernement canadien met en place des r\u00e9glementations plus strictes en mati\u00e8re de durabilit\u00e9, dans la lign\u00e9e de l&#8217;Europe, mais cela ne correspond pas toujours \u00e0 une demande directe des consommateurs \u00bb, explique Patrick Boot de NNZ North America. \u00ab Au contraire, les consommateurs sont parfois frein\u00e9s par les co\u00fbts suppl\u00e9mentaires li\u00e9s aux emballages durables. Dans un contexte d&#8217;inflation \u00e9lev\u00e9e, ils recherchent avant tout des solutions adapt\u00e9es \u00e0 leur budget. \u00bb<\/p>\n\n\n\n<p>NNZ propose une large gamme de solutions d&#8217;emballage, allant des produits standards aux segments premium. \u00ab Face \u00e0 la demande croissante pour des solutions abordables, les emballages int\u00e9grant une forte dimension environnementale passent parfois au second plan \u00bb, observe Steve Greenfield de NNZ. \u00ab Concr\u00e8tement, les priorit\u00e9s des consommateurs se situent ailleurs, notamment dans les d\u00e9penses du quotidien. \u00bb<\/p>\n\n\n\n<figure class=\"wp-block-image\"><img decoding=\"async\" src=\"https:\/\/www.freshplaza.fr\/remote\/https\/agfstorage.blob.core.windows.net\/misc\/FP_com\/2026\/04\/20\/NNZ_limesinbag_600.jpg?preset=ContentFullSmall\" alt=\"\"\/><\/figure>\n\n\n\n<p><strong>L&#8217;abandon du plastique<br><\/strong>Dans plusieurs pays, dont le Canada, la r\u00e9duction des emballages plastiques est un objectif affich\u00e9. Toutefois, ce mat\u00e9riau reste essentiel pour pr\u00e9server la fra\u00eecheur et prolonger la dur\u00e9e de conservation des produits. L&#8217;objectif canadien vise \u00e0 atteindre 95 % de produits vendus sans plastique ou en vrac, une ambition qui suscite des d\u00e9bats. Outre les co\u00fbts, certains craignent une augmentation du gaspillage alimentaire. \u00ab Certains produits ne peuvent tout simplement pas \u00eatre commercialis\u00e9s sans emballage \u00bb, souligne Patrick Boot. \u00ab Des fruits fragiles comme les framboises ou les m\u00fbres n\u00e9cessitent une protection adapt\u00e9e pour \u00e9viter les pertes. \u00bb<\/p>\n\n\n\n<p>Dans ce contexte, la tendance s&#8217;oriente vers un compromis entre r\u00e9duction des mat\u00e9riaux et maintien de la fonctionnalit\u00e9. L&#8217;utilisation de plastiques plus fins et plus l\u00e9gers s&#8217;inscrit notamment dans le cadre des nouvelles r\u00e9glementations sur la responsabilit\u00e9 des producteurs, qui entreront en vigueur dans plusieurs \u00c9tats am\u00e9ricains et prendront en compte le poids et la nature des emballages.<\/p>\n\n\n\n<p><strong>Emballage Q-Bic<br><\/strong>Le Q-Bic fait partie des solutions r\u00e9pondant \u00e0 ces nouvelles exigences, tout en int\u00e9grant les attentes en mati\u00e8re de fra\u00eecheur, de praticit\u00e9 et de valorisation en rayon. \u00ab Il r\u00e9pond \u00e0 l&#8217;ensemble des crit\u00e8res \u00bb, affirme Patrick Boot. Sa forme sp\u00e9cifique permet d&#8217;optimiser le chargement des camions et de r\u00e9duire les co\u00fbts logistiques. Con\u00e7u comme une pyramide tronqu\u00e9e avec des angles \u00e0 45\u00b0, il est particuli\u00e8rement adapt\u00e9 aux produits de petite taille, comme les myrtilles, les salades ou les tomates en grappe.<\/p>\n\n\n\n<p>D\u00e9velopp\u00e9 initialement en Europe, cet emballage est d\u00e9j\u00e0 pr\u00e9sent dans certains points de vente, notamment en Norv\u00e8ge. Aux \u00c9tats-Unis, les premiers lancements, notamment pour des arilles de grenade, sont attendus prochainement. \u00ab Il est important que les consommateurs s&#8217;habituent \u00e0 cette nouvelle forme en magasin \u00bb, souligne Steve Greenfield. \u00ab Il s&#8217;agit d&#8217;un changement significatif dans la pr\u00e9sentation des produits. \u00bb<\/p>\n\n\n\n<figure class=\"wp-block-image\"><img decoding=\"async\" src=\"https:\/\/www.freshplaza.fr\/remote\/https\/agfstorage.blob.core.windows.net\/misc\/FP_com\/2026\/04\/20\/NNZ_Qbicversusclam.jpg?preset=ContentFullSmall\" alt=\"\"\/><\/figure>\n\n\n\n<p><strong>La marque se distingue en rayon<\/strong><br>Malgr\u00e9 son apparence innovante, le Q-Bic reste un conditionnement de type barquette, simplement revisit\u00e9 dans sa forme. Sa pr\u00e9sentation inclin\u00e9e \u00e0 45\u00b0 permet d&#8217;optimiser l&#8217;espace en rayon tout en renfor\u00e7ant la visibilit\u00e9 de la marque. \u00ab Contrairement aux barquettes classiques empil\u00e9es, ce format attire davantage l&#8217;attention du consommateur \u00bb, explique Steve Greenfield. Une ouverture en angle a \u00e9galement \u00e9t\u00e9 d\u00e9velopp\u00e9e pour faciliter la consommation, notamment pour les formats snacking.<br><br><strong>Des formats adapt\u00e9s aux magasins de gros volume<\/strong><br>Le Q-Bic pr\u00e9sente aussi des avantages logistiques lorsqu&#8217;il est conditionn\u00e9 en lots. Les packs de six unit\u00e9s conservent leur forme dans les cartons de transport, avec un support en carton \u00e0 la base. \u00ab Ce format est empilable, facile \u00e0 manipuler et visuellement attractif \u00bb, pr\u00e9cise Steve Greenfield. Ce d\u00e9veloppement r\u00e9pond \u00e0 une demande sp\u00e9cifique d&#8217;un producteur de myrtilles et sera pr\u00e9sent\u00e9 lors du salon professionnel de l&#8217;ACPM.<\/p>\n\n\n\n<p><img decoding=\"async\" src=\"https:\/\/www.freshplaza.fr\/remote\/https\/agfstorage.blob.core.windows.net\/misc\/FP_com\/2026\/04\/20\/NNZ_Qbic_sixpack_900.jpg?preset=ContentFullSmall\" alt=\"\" class=\"\"><em>Paquet de 6 Q-Bic dans un club store.<\/em><\/p>\n\n\n\n<p><strong>Compatibilit\u00e9 avec l&#8217;automatisation<\/strong><br>L&#8217;adoption de nouveaux formats d\u00e9pend fortement de leur compatibilit\u00e9 avec les lignes automatis\u00e9es. \u00ab Les premiers tests r\u00e9alis\u00e9s sur des lignes de conditionnement de myrtilles sont encourageants \u00bb, indique Steve Greenfield. \u00ab L&#8217;enjeu est d\u00e9sormais d&#8217;int\u00e9grer pleinement cette solution dans des environnements de production. \u00bb Un projet pilote est en cours avec un client au P\u00e9rou, avec la fabrication de moules destin\u00e9s \u00e0 tester la production de 1 000 unit\u00e9s.<\/p>\n\n\n\n<p>NNZ North America con\u00e7oit des solutions d&#8217;emballage pour les march\u00e9s canadien et am\u00e9ricain, chacun repr\u00e9sentant environ la moiti\u00e9 de ses ventes sur le continent. Les professionnels int\u00e9ress\u00e9s pourront d\u00e9couvrir ces innovations sur le stand 626 du salon ACPM.<\/p>\n\n\n\n<p><img decoding=\"async\" src=\"https:\/\/www.freshplaza.fr\/remote\/https\/agfstorage.blob.core.windows.net\/misc\/FP_com\/2026\/04\/20\/NNZ_logo_index.jpg?preset=ContentCustom\" alt=\"\" class=\"\">Pour plus d&#8217;informations :<br>Patrick Boot \/ Steve Greenfield<br><strong>NNZ Am\u00e9rique du Nord<\/strong><br>T\u00e9l : (+1) 770-873-7079<br><a href=\"mailto:pboot@nnzusa.com?subject=Response to FreshPlaza.com article\" target=\"_blank\" rel=\"noreferrer noopener\">pboot@nnzusa.com<\/a><br><a href=\"mailto:sgreenfield@nnzusa.com?subject=Response to FreshPlaza.com article\" target=\"_blank\" rel=\"noreferrer noopener\">sgreenfield@nnzusa.com<\/a><br><a href=\"http:\/\/www.nnzusa.com\" target=\"_blank\" rel=\"noreferrer noopener\">www.nnzusa.com<\/a><\/p>\n\n\n\n<p>Photo de la premi\u00e8re page: <a href=\"https:\/\/www.freshplaza.fr\/article\/9831031\/emballages-les-consommateurs-privilegient-de-plus-en-plus-le-prix\/?utm_medium=email#\">\u00a9 NNZ North America<\/a><\/p>\n","protected":false},"excerpt":{"rendered":"<p>(Etats-Unis) Emballages : les consommateurs privil\u00e9gient de plus en plus le prix L&#8217;emballage reste un \u00e9l\u00e9ment central de la cha\u00eene de valeur des produits frais. Il prot\u00e8ge les produits, limite les pertes et renforce la s\u00e9curit\u00e9 alimentaire. Il permet \u00e9galement d&#8217;allonger et de complexifier les cha\u00eenes d&#8217;approvisionnement. Au niveau du commerce de d\u00e9tail, il contribue [&hellip;]<\/p>\n","protected":false},"author":7,"featured_media":37267,"comment_status":"closed","ping_status":"closed","sticky":false,"template":"","format":"standard","meta":{"_acf_changed":false,"iawp_total_views":0,"footnotes":""},"categories":[1],"tags":[],"class_list":["post-265963","post","type-post","status-publish","format-standard","has-post-thumbnail","hentry","category-non-categorise"],"acf":[],"yoast_head":"<!-- This site is optimized with the Yoast SEO plugin v27.4 - https:\/\/yoast.com\/product\/yoast-seo-wordpress\/ -->\n<title>Emballages : les consommateurs privil\u00e9gient de plus en plus le prix par NNZ Am\u00e9rique du Nord et FreshPlaza - Befve &amp; Co<\/title>\n<meta name=\"robots\" content=\"index, follow, max-snippet:-1, max-image-preview:large, max-video-preview:-1\" \/>\n<link rel=\"canonical\" href=\"https:\/\/befve.com\/es\/emballages-les-consommateurs-privilegient-de-plus-en-plus-le-prix-par-nnz-amerique-du-nord-et-freshplaza\/\" \/>\n<meta property=\"og:locale\" content=\"es_ES\" \/>\n<meta property=\"og:type\" content=\"article\" \/>\n<meta property=\"og:title\" content=\"Emballages : les consommateurs privil\u00e9gient de plus en plus le prix par NNZ Am\u00e9rique du Nord et FreshPlaza - Befve &amp; Co\" \/>\n<meta property=\"og:description\" content=\"(Etats-Unis) Emballages : les consommateurs privil\u00e9gient de plus en plus le prix L&#8217;emballage reste un \u00e9l\u00e9ment central de la cha\u00eene de valeur des produits frais. Il prot\u00e8ge les produits, limite les pertes et renforce la s\u00e9curit\u00e9 alimentaire. Il permet \u00e9galement d&#8217;allonger et de complexifier les cha\u00eenes d&#8217;approvisionnement. Au niveau du commerce de d\u00e9tail, il contribue [&hellip;]\" \/>\n<meta property=\"og:url\" content=\"https:\/\/befve.com\/es\/emballages-les-consommateurs-privilegient-de-plus-en-plus-le-prix-par-nnz-amerique-du-nord-et-freshplaza\/\" \/>\n<meta property=\"og:site_name\" content=\"Befve &amp; Co\" \/>\n<meta property=\"article:published_time\" content=\"2026-04-27T13:59:41+00:00\" \/>\n<meta property=\"article:modified_time\" content=\"2026-04-27T13:59:42+00:00\" \/>\n<meta property=\"og:image\" content=\"https:\/\/befve.com\/wp-content\/uploads\/articles-1.jpg\" \/>\n\t<meta property=\"og:image:width\" content=\"2444\" \/>\n\t<meta property=\"og:image:height\" content=\"1020\" \/>\n\t<meta property=\"og:image:type\" content=\"image\/jpeg\" \/>\n<meta name=\"author\" content=\"Christian\" \/>\n<meta name=\"twitter:card\" content=\"summary_large_image\" \/>\n<meta name=\"twitter:label1\" content=\"Escrito por\" \/>\n\t<meta name=\"twitter:data1\" content=\"Christian\" \/>\n\t<meta name=\"twitter:label2\" content=\"Tiempo de lectura\" \/>\n\t<meta name=\"twitter:data2\" content=\"6 minutos\" \/>\n<script type=\"application\/ld+json\" class=\"yoast-schema-graph\">{\"@context\":\"https:\\\/\\\/schema.org\",\"@graph\":[{\"@type\":\"Article\",\"@id\":\"https:\\\/\\\/befve.com\\\/es\\\/emballages-les-consommateurs-privilegient-de-plus-en-plus-le-prix-par-nnz-amerique-du-nord-et-freshplaza\\\/#article\",\"isPartOf\":{\"@id\":\"https:\\\/\\\/befve.com\\\/es\\\/emballages-les-consommateurs-privilegient-de-plus-en-plus-le-prix-par-nnz-amerique-du-nord-et-freshplaza\\\/\"},\"author\":{\"name\":\"Christian\",\"@id\":\"https:\\\/\\\/befve.com\\\/es\\\/#\\\/schema\\\/person\\\/ef49a1871aa7378da9d8d3cd2875d9b3\"},\"headline\":\"Emballages : les consommateurs privil\u00e9gient de plus en plus le prix par NNZ Am\u00e9rique du Nord et FreshPlaza\",\"datePublished\":\"2026-04-27T13:59:41+00:00\",\"dateModified\":\"2026-04-27T13:59:42+00:00\",\"mainEntityOfPage\":{\"@id\":\"https:\\\/\\\/befve.com\\\/es\\\/emballages-les-consommateurs-privilegient-de-plus-en-plus-le-prix-par-nnz-amerique-du-nord-et-freshplaza\\\/\"},\"wordCount\":976,\"publisher\":{\"@id\":\"https:\\\/\\\/befve.com\\\/es\\\/#organization\"},\"image\":{\"@id\":\"https:\\\/\\\/befve.com\\\/es\\\/emballages-les-consommateurs-privilegient-de-plus-en-plus-le-prix-par-nnz-amerique-du-nord-et-freshplaza\\\/#primaryimage\"},\"thumbnailUrl\":\"https:\\\/\\\/befve.com\\\/wp-content\\\/uploads\\\/articles-1.jpg\",\"articleSection\":[\"Non cat\u00e9goris\u00e9\"],\"inLanguage\":\"es\"},{\"@type\":\"WebPage\",\"@id\":\"https:\\\/\\\/befve.com\\\/es\\\/emballages-les-consommateurs-privilegient-de-plus-en-plus-le-prix-par-nnz-amerique-du-nord-et-freshplaza\\\/\",\"url\":\"https:\\\/\\\/befve.com\\\/es\\\/emballages-les-consommateurs-privilegient-de-plus-en-plus-le-prix-par-nnz-amerique-du-nord-et-freshplaza\\\/\",\"name\":\"Emballages : les consommateurs privil\u00e9gient de plus en plus le prix par NNZ Am\u00e9rique du Nord et FreshPlaza - Befve &amp; Co\",\"isPartOf\":{\"@id\":\"https:\\\/\\\/befve.com\\\/es\\\/#website\"},\"primaryImageOfPage\":{\"@id\":\"https:\\\/\\\/befve.com\\\/es\\\/emballages-les-consommateurs-privilegient-de-plus-en-plus-le-prix-par-nnz-amerique-du-nord-et-freshplaza\\\/#primaryimage\"},\"image\":{\"@id\":\"https:\\\/\\\/befve.com\\\/es\\\/emballages-les-consommateurs-privilegient-de-plus-en-plus-le-prix-par-nnz-amerique-du-nord-et-freshplaza\\\/#primaryimage\"},\"thumbnailUrl\":\"https:\\\/\\\/befve.com\\\/wp-content\\\/uploads\\\/articles-1.jpg\",\"datePublished\":\"2026-04-27T13:59:41+00:00\",\"dateModified\":\"2026-04-27T13:59:42+00:00\",\"breadcrumb\":{\"@id\":\"https:\\\/\\\/befve.com\\\/es\\\/emballages-les-consommateurs-privilegient-de-plus-en-plus-le-prix-par-nnz-amerique-du-nord-et-freshplaza\\\/#breadcrumb\"},\"inLanguage\":\"es\",\"potentialAction\":[{\"@type\":\"ReadAction\",\"target\":[\"https:\\\/\\\/befve.com\\\/es\\\/emballages-les-consommateurs-privilegient-de-plus-en-plus-le-prix-par-nnz-amerique-du-nord-et-freshplaza\\\/\"]}]},{\"@type\":\"ImageObject\",\"inLanguage\":\"es\",\"@id\":\"https:\\\/\\\/befve.com\\\/es\\\/emballages-les-consommateurs-privilegient-de-plus-en-plus-le-prix-par-nnz-amerique-du-nord-et-freshplaza\\\/#primaryimage\",\"url\":\"https:\\\/\\\/befve.com\\\/wp-content\\\/uploads\\\/articles-1.jpg\",\"contentUrl\":\"https:\\\/\\\/befve.com\\\/wp-content\\\/uploads\\\/articles-1.jpg\",\"width\":2444,\"height\":1020,\"caption\":\"befve asperges\"},{\"@type\":\"BreadcrumbList\",\"@id\":\"https:\\\/\\\/befve.com\\\/es\\\/emballages-les-consommateurs-privilegient-de-plus-en-plus-le-prix-par-nnz-amerique-du-nord-et-freshplaza\\\/#breadcrumb\",\"itemListElement\":[{\"@type\":\"ListItem\",\"position\":1,\"name\":\"Accueil\",\"item\":\"https:\\\/\\\/befve.com\\\/es\\\/\"},{\"@type\":\"ListItem\",\"position\":2,\"name\":\"Emballages : les consommateurs privil\u00e9gient de plus en plus le prix par NNZ Am\u00e9rique du Nord et FreshPlaza\"}]},{\"@type\":\"WebSite\",\"@id\":\"https:\\\/\\\/befve.com\\\/es\\\/#website\",\"url\":\"https:\\\/\\\/befve.com\\\/es\\\/\",\"name\":\"Befve &Co\",\"description\":\"Christian Befve expert &amp; consultant asperges\",\"publisher\":{\"@id\":\"https:\\\/\\\/befve.com\\\/es\\\/#organization\"},\"potentialAction\":[{\"@type\":\"SearchAction\",\"target\":{\"@type\":\"EntryPoint\",\"urlTemplate\":\"https:\\\/\\\/befve.com\\\/es\\\/?s={search_term_string}\"},\"query-input\":{\"@type\":\"PropertyValueSpecification\",\"valueRequired\":true,\"valueName\":\"search_term_string\"}}],\"inLanguage\":\"es\"},{\"@type\":\"Organization\",\"@id\":\"https:\\\/\\\/befve.com\\\/es\\\/#organization\",\"name\":\"Befve &Co\",\"alternateName\":\"Befve &Co\",\"url\":\"https:\\\/\\\/befve.com\\\/es\\\/\",\"logo\":{\"@type\":\"ImageObject\",\"inLanguage\":\"es\",\"@id\":\"https:\\\/\\\/befve.com\\\/es\\\/#\\\/schema\\\/logo\\\/image\\\/\",\"url\":\"https:\\\/\\\/befve.com\\\/wp-content\\\/uploads\\\/logo_green.svg\",\"contentUrl\":\"https:\\\/\\\/befve.com\\\/wp-content\\\/uploads\\\/logo_green.svg\",\"caption\":\"Befve &Co\"},\"image\":{\"@id\":\"https:\\\/\\\/befve.com\\\/es\\\/#\\\/schema\\\/logo\\\/image\\\/\"}},{\"@type\":\"Person\",\"@id\":\"https:\\\/\\\/befve.com\\\/es\\\/#\\\/schema\\\/person\\\/ef49a1871aa7378da9d8d3cd2875d9b3\",\"name\":\"Christian\",\"image\":{\"@type\":\"ImageObject\",\"inLanguage\":\"es\",\"@id\":\"https:\\\/\\\/secure.gravatar.com\\\/avatar\\\/aed3b721e8892b7d9bfd8295ae750fe92318b00b510c39bdb269ef3aac0241cc?s=96&d=mm&r=g\",\"url\":\"https:\\\/\\\/secure.gravatar.com\\\/avatar\\\/aed3b721e8892b7d9bfd8295ae750fe92318b00b510c39bdb269ef3aac0241cc?s=96&d=mm&r=g\",\"contentUrl\":\"https:\\\/\\\/secure.gravatar.com\\\/avatar\\\/aed3b721e8892b7d9bfd8295ae750fe92318b00b510c39bdb269ef3aac0241cc?s=96&d=mm&r=g\",\"caption\":\"Christian\"},\"url\":\"https:\\\/\\\/befve.com\\\/es\\\/author\\\/christian\\\/\"}]}<\/script>\n<!-- \/ Yoast SEO plugin. -->","yoast_head_json":{"title":"Emballages : les consommateurs privil\u00e9gient de plus en plus le prix par NNZ Am\u00e9rique du Nord et FreshPlaza - Befve &amp; Co","robots":{"index":"index","follow":"follow","max-snippet":"max-snippet:-1","max-image-preview":"max-image-preview:large","max-video-preview":"max-video-preview:-1"},"canonical":"https:\/\/befve.com\/es\/emballages-les-consommateurs-privilegient-de-plus-en-plus-le-prix-par-nnz-amerique-du-nord-et-freshplaza\/","og_locale":"es_ES","og_type":"article","og_title":"Emballages : les consommateurs privil\u00e9gient de plus en plus le prix par NNZ Am\u00e9rique du Nord et FreshPlaza - Befve &amp; Co","og_description":"(Etats-Unis) Emballages : les consommateurs privil\u00e9gient de plus en plus le prix L&#8217;emballage reste un \u00e9l\u00e9ment central de la cha\u00eene de valeur des produits frais. Il prot\u00e8ge les produits, limite les pertes et renforce la s\u00e9curit\u00e9 alimentaire. Il permet \u00e9galement d&#8217;allonger et de complexifier les cha\u00eenes d&#8217;approvisionnement. Au niveau du commerce de d\u00e9tail, il contribue [&hellip;]","og_url":"https:\/\/befve.com\/es\/emballages-les-consommateurs-privilegient-de-plus-en-plus-le-prix-par-nnz-amerique-du-nord-et-freshplaza\/","og_site_name":"Befve &amp; Co","article_published_time":"2026-04-27T13:59:41+00:00","article_modified_time":"2026-04-27T13:59:42+00:00","og_image":[{"width":2444,"height":1020,"url":"https:\/\/befve.com\/wp-content\/uploads\/articles-1.jpg","type":"image\/jpeg"}],"author":"Christian","twitter_card":"summary_large_image","twitter_misc":{"Escrito por":"Christian","Tiempo de lectura":"6 minutos"},"schema":{"@context":"https:\/\/schema.org","@graph":[{"@type":"Article","@id":"https:\/\/befve.com\/es\/emballages-les-consommateurs-privilegient-de-plus-en-plus-le-prix-par-nnz-amerique-du-nord-et-freshplaza\/#article","isPartOf":{"@id":"https:\/\/befve.com\/es\/emballages-les-consommateurs-privilegient-de-plus-en-plus-le-prix-par-nnz-amerique-du-nord-et-freshplaza\/"},"author":{"name":"Christian","@id":"https:\/\/befve.com\/es\/#\/schema\/person\/ef49a1871aa7378da9d8d3cd2875d9b3"},"headline":"Emballages : les consommateurs privil\u00e9gient de plus en plus le prix par NNZ Am\u00e9rique du Nord et FreshPlaza","datePublished":"2026-04-27T13:59:41+00:00","dateModified":"2026-04-27T13:59:42+00:00","mainEntityOfPage":{"@id":"https:\/\/befve.com\/es\/emballages-les-consommateurs-privilegient-de-plus-en-plus-le-prix-par-nnz-amerique-du-nord-et-freshplaza\/"},"wordCount":976,"publisher":{"@id":"https:\/\/befve.com\/es\/#organization"},"image":{"@id":"https:\/\/befve.com\/es\/emballages-les-consommateurs-privilegient-de-plus-en-plus-le-prix-par-nnz-amerique-du-nord-et-freshplaza\/#primaryimage"},"thumbnailUrl":"https:\/\/befve.com\/wp-content\/uploads\/articles-1.jpg","articleSection":["Non cat\u00e9goris\u00e9"],"inLanguage":"es"},{"@type":"WebPage","@id":"https:\/\/befve.com\/es\/emballages-les-consommateurs-privilegient-de-plus-en-plus-le-prix-par-nnz-amerique-du-nord-et-freshplaza\/","url":"https:\/\/befve.com\/es\/emballages-les-consommateurs-privilegient-de-plus-en-plus-le-prix-par-nnz-amerique-du-nord-et-freshplaza\/","name":"Emballages : les consommateurs privil\u00e9gient de plus en plus le prix par NNZ Am\u00e9rique du Nord et FreshPlaza - Befve &amp; Co","isPartOf":{"@id":"https:\/\/befve.com\/es\/#website"},"primaryImageOfPage":{"@id":"https:\/\/befve.com\/es\/emballages-les-consommateurs-privilegient-de-plus-en-plus-le-prix-par-nnz-amerique-du-nord-et-freshplaza\/#primaryimage"},"image":{"@id":"https:\/\/befve.com\/es\/emballages-les-consommateurs-privilegient-de-plus-en-plus-le-prix-par-nnz-amerique-du-nord-et-freshplaza\/#primaryimage"},"thumbnailUrl":"https:\/\/befve.com\/wp-content\/uploads\/articles-1.jpg","datePublished":"2026-04-27T13:59:41+00:00","dateModified":"2026-04-27T13:59:42+00:00","breadcrumb":{"@id":"https:\/\/befve.com\/es\/emballages-les-consommateurs-privilegient-de-plus-en-plus-le-prix-par-nnz-amerique-du-nord-et-freshplaza\/#breadcrumb"},"inLanguage":"es","potentialAction":[{"@type":"ReadAction","target":["https:\/\/befve.com\/es\/emballages-les-consommateurs-privilegient-de-plus-en-plus-le-prix-par-nnz-amerique-du-nord-et-freshplaza\/"]}]},{"@type":"ImageObject","inLanguage":"es","@id":"https:\/\/befve.com\/es\/emballages-les-consommateurs-privilegient-de-plus-en-plus-le-prix-par-nnz-amerique-du-nord-et-freshplaza\/#primaryimage","url":"https:\/\/befve.com\/wp-content\/uploads\/articles-1.jpg","contentUrl":"https:\/\/befve.com\/wp-content\/uploads\/articles-1.jpg","width":2444,"height":1020,"caption":"befve asperges"},{"@type":"BreadcrumbList","@id":"https:\/\/befve.com\/es\/emballages-les-consommateurs-privilegient-de-plus-en-plus-le-prix-par-nnz-amerique-du-nord-et-freshplaza\/#breadcrumb","itemListElement":[{"@type":"ListItem","position":1,"name":"Accueil","item":"https:\/\/befve.com\/es\/"},{"@type":"ListItem","position":2,"name":"Emballages : les consommateurs privil\u00e9gient de plus en plus le prix par NNZ Am\u00e9rique du Nord et FreshPlaza"}]},{"@type":"WebSite","@id":"https:\/\/befve.com\/es\/#website","url":"https:\/\/befve.com\/es\/","name":"Befve &Co","description":"Christian Befve expert &amp; consultant asperges","publisher":{"@id":"https:\/\/befve.com\/es\/#organization"},"potentialAction":[{"@type":"SearchAction","target":{"@type":"EntryPoint","urlTemplate":"https:\/\/befve.com\/es\/?s={search_term_string}"},"query-input":{"@type":"PropertyValueSpecification","valueRequired":true,"valueName":"search_term_string"}}],"inLanguage":"es"},{"@type":"Organization","@id":"https:\/\/befve.com\/es\/#organization","name":"Befve &Co","alternateName":"Befve &Co","url":"https:\/\/befve.com\/es\/","logo":{"@type":"ImageObject","inLanguage":"es","@id":"https:\/\/befve.com\/es\/#\/schema\/logo\/image\/","url":"https:\/\/befve.com\/wp-content\/uploads\/logo_green.svg","contentUrl":"https:\/\/befve.com\/wp-content\/uploads\/logo_green.svg","caption":"Befve &Co"},"image":{"@id":"https:\/\/befve.com\/es\/#\/schema\/logo\/image\/"}},{"@type":"Person","@id":"https:\/\/befve.com\/es\/#\/schema\/person\/ef49a1871aa7378da9d8d3cd2875d9b3","name":"Christian","image":{"@type":"ImageObject","inLanguage":"es","@id":"https:\/\/secure.gravatar.com\/avatar\/aed3b721e8892b7d9bfd8295ae750fe92318b00b510c39bdb269ef3aac0241cc?s=96&d=mm&r=g","url":"https:\/\/secure.gravatar.com\/avatar\/aed3b721e8892b7d9bfd8295ae750fe92318b00b510c39bdb269ef3aac0241cc?s=96&d=mm&r=g","contentUrl":"https:\/\/secure.gravatar.com\/avatar\/aed3b721e8892b7d9bfd8295ae750fe92318b00b510c39bdb269ef3aac0241cc?s=96&d=mm&r=g","caption":"Christian"},"url":"https:\/\/befve.com\/es\/author\/christian\/"}]}},"_links":{"self":[{"href":"https:\/\/befve.com\/es\/wp-json\/wp\/v2\/posts\/265963","targetHints":{"allow":["GET"]}}],"collection":[{"href":"https:\/\/befve.com\/es\/wp-json\/wp\/v2\/posts"}],"about":[{"href":"https:\/\/befve.com\/es\/wp-json\/wp\/v2\/types\/post"}],"author":[{"embeddable":true,"href":"https:\/\/befve.com\/es\/wp-json\/wp\/v2\/users\/7"}],"replies":[{"embeddable":true,"href":"https:\/\/befve.com\/es\/wp-json\/wp\/v2\/comments?post=265963"}],"version-history":[{"count":1,"href":"https:\/\/befve.com\/es\/wp-json\/wp\/v2\/posts\/265963\/revisions"}],"predecessor-version":[{"id":265965,"href":"https:\/\/befve.com\/es\/wp-json\/wp\/v2\/posts\/265963\/revisions\/265965"}],"wp:featuredmedia":[{"embeddable":true,"href":"https:\/\/befve.com\/es\/wp-json\/wp\/v2\/media\/37267"}],"wp:attachment":[{"href":"https:\/\/befve.com\/es\/wp-json\/wp\/v2\/media?parent=265963"}],"wp:term":[{"taxonomy":"category","embeddable":true,"href":"https:\/\/befve.com\/es\/wp-json\/wp\/v2\/categories?post=265963"},{"taxonomy":"post_tag","embeddable":true,"href":"https:\/\/befve.com\/es\/wp-json\/wp\/v2\/tags?post=265963"}],"curies":[{"name":"wp","href":"https:\/\/api.w.org\/{rel}","templated":true}]}}