{"id":265968,"date":"2026-04-27T14:23:27","date_gmt":"2026-04-27T14:23:27","guid":{"rendered":"https:\/\/befve.com\/?p=265968"},"modified":"2026-04-27T14:23:28","modified_gmt":"2026-04-27T14:23:28","slug":"asperge-verte-bio-un-marche-porteur-qui-resiste-a-la-pression-post-paques-par-sebastien-delpech-et-freshplaza","status":"publish","type":"post","link":"https:\/\/befve.com\/es\/asperge-verte-bio-un-marche-porteur-qui-resiste-a-la-pression-post-paques-par-sebastien-delpech-et-freshplaza\/","title":{"rendered":"Asperge verte bio : un march\u00e9 porteur qui r\u00e9siste \u00e0 la pression post-P\u00e2ques par S\u00e9bastien Delpech et FreshPlaza"},"content":{"rendered":"\n<p>S\u00e9bastien Delpech, EARL Laguillone :<\/p>\n\n\n\n<h1 class=\"wp-block-heading\">Asperge verte bio : un march\u00e9 porteur qui r\u00e9siste \u00e0 la pression post-P\u00e2ques<\/h1>\n\n\n\n<p>Producteur \u00e0 Sistels \u00e0 proximit\u00e9 d&#8217;Agen, S\u00e9bastien Delpech cultive exclusivement en agriculture biologique des fraises, des prunes, du raisin de table, des kiwis et une large gamme de l\u00e9gumes dont des asperges vertes et blanches. \u00ab Nous avons commenc\u00e9 la r\u00e9colte de l&#8217;asperge verte \u2013 qui repr\u00e9sente les \u00be de notre production en asperge \u2013 il y a un bon mois, puis la blanche, un peu plus tard \u00bb. Si la r\u00e9colte d&#8217;asperges blanches a d\u00e9marr\u00e9 avec un peu de retard, \u00e0 l&#8217;image de la plupart des cultures de l&#8217;Hexagone, celle de la verte a commenc\u00e9 \u00e0 temps. Malgr\u00e9 des conditions climatiques marqu\u00e9es par des alternances de temp\u00e9ratures chaudes et de froides ayant ponctuellement frein\u00e9 la production, la saison a jusqu&#8217;ici offert \u00ab une bonne qualit\u00e9 et un march\u00e9 plut\u00f4t dynamique \u00bb.<\/p>\n\n\n\n<figure class=\"wp-block-image\"><img decoding=\"async\" src=\"https:\/\/www.freshplaza.fr\/remote\/https\/agfstorage.blob.core.windows.net\/misc\/FP_fr\/2026\/04\/23\/asperge1.jpg?preset=ContentFullSmall\" alt=\"\"\/><\/figure>\n\n\n\n<p><strong>Une asperge verte bio qui tire son \u00e9pingle du jeu<\/strong><br>Si le march\u00e9 a \u00e9t\u00e9 naturellement porteur \u00e0 l&#8217;approche de P\u00e2ques, la tendance observ\u00e9e apr\u00e8s la f\u00eate confirme une dynamique int\u00e9ressante, notamment pour la verte. \u00ab Apr\u00e8s P\u00e2ques, il manque beaucoup d&#8217;asperges vertes, qui se consomment bien dans la r\u00e9gion. La demande est l\u00e0, mais l&#8217;offre ne suit pas \u00bb, constate S\u00e9bastien Delpech. Une situation qui contraste nettement avec celle de l&#8217;asperge blanche, davantage expos\u00e9e \u00e0 la concurrence r\u00e9gionale. \u00ab Nous ne sommes pas loin des Landes, une grosse zone de production. Cela peut engorger le march\u00e9 en blanches, alors que les Landais ne produisent pas de verte \u00bb. R\u00e9sultat : les prix de l&#8217;asperge verte restent soutenus, port\u00e9s par un march\u00e9 bio qui \u00ab semble retrouver des couleurs \u00bb.<\/p>\n\n\n\n<p><strong>La prudence de mise malgr\u00e9 des signaux positifs<\/strong><br>Malgr\u00e9 ce contexte favorable, S\u00e9bastien Delpech pr\u00e9f\u00e8re rester mesur\u00e9 dans ses perspectives. \u00ab Nous vivons depuis 3 ans des printemps compliqu\u00e9s avec beaucoup d&#8217;eau et des rendements en baisse. Cette ann\u00e9e, nous avons m\u00eame r\u00e9duit un peu les surfaces \u00bb. Face \u00e0 une demande forte, l&#8217;id\u00e9e d&#8217;augmenter les volumes pourrait \u00eatre s\u00e9duisante, mais le producteur privil\u00e9gie une approche progressive : \u00ab Nous pr\u00e9f\u00e9rons attendre de voir si le march\u00e9 s&#8217;installe dans cette dynamique positive plut\u00f4t que d&#8217;augmenter les volumes d\u00e8s l&#8217;ann\u00e9e prochaine. Il vaut mieux rester prudent et y aller progressivement \u00bb. La saison devrait se poursuivre jusqu&#8217;\u00e0 fin mai, avec des perspectives encourageantes \u00ab si le beau temps continue et que la production suit \u00bb.<img decoding=\"async\" src=\"https:\/\/www.freshplaza.fr\/remote\/https\/agfstorage.blob.core.windows.net\/misc\/FP_fr\/2026\/04\/23\/Magasin.png?preset=ContentFullSmall\" alt=\"\" class=\"\"><\/p>\n\n\n\n<p><strong>Une diversification ancr\u00e9e dans le local<\/strong><br>En parall\u00e8le de la production, l&#8217;exploitation poursuit sa strat\u00e9gie de diversification. \u00ab Nous avons ouvert il y a deux ans un magasin \u00e0 Agen, L&#8217;\u00c9clat des saisons \u00bb, indique S\u00e9bastien Delpech. Un point de vente qui valorise \u00e0 la fois la production de l&#8217;exploitation et d&#8217;autres produits locaux. \u00ab Il est encore trop t\u00f4t pour tirer des conclusions, mais pour l&#8217;instant nous sommes satisfaits des deux ann\u00e9es que nous venons de passer \u00bb. Une partie des volumes est \u00e9galement commercialis\u00e9e via des r\u00e9seaux sp\u00e9cialis\u00e9s comme Biocoop ou des exp\u00e9diteurs r\u00e9gionaux.<\/p>\n\n\n\n<p>Pour plus d&#8217;informations :<br>S\u00e9bastien Delpech<br><strong>EARL Laguillone<\/strong><br><a href=\"mailto:sebastien.delpech82@orange.fr?subject=R\u00e9action \u00e0 l'article de FreshPlaza.fr\" target=\"_blank\" rel=\"noreferrer noopener\">sebastien.delpech82@orange.fr<\/a> Date de publication: ven. 24 avr. 2026<\/p>\n\n\n\n<p>\u00a9 <a href=\"https:\/\/www.FreshPlaza.fr\">FreshPlaza.fr<\/a> \/ <a href=\"mailto:aurelie@freshplaza.fr?subject=Reactie op Asperge verte bio : un march\u00e9 porteur qui r\u00e9siste \u00e0 la pression post-P\u00e2ques\">Aur\u00e9lie Pintat<\/a><\/p>\n","protected":false},"excerpt":{"rendered":"<p>S\u00e9bastien Delpech, EARL Laguillone : Asperge verte bio : un march\u00e9 porteur qui r\u00e9siste \u00e0 la pression post-P\u00e2ques Producteur \u00e0 Sistels \u00e0 proximit\u00e9 d&#8217;Agen, S\u00e9bastien Delpech cultive exclusivement en agriculture biologique des fraises, des prunes, du raisin de table, des kiwis et une large gamme de l\u00e9gumes dont des asperges vertes et blanches. \u00ab Nous [&hellip;]<\/p>\n","protected":false},"author":7,"featured_media":37267,"comment_status":"closed","ping_status":"closed","sticky":false,"template":"","format":"standard","meta":{"_acf_changed":false,"iawp_total_views":0,"footnotes":""},"categories":[1],"tags":[],"class_list":["post-265968","post","type-post","status-publish","format-standard","has-post-thumbnail","hentry","category-non-categorise"],"acf":[],"yoast_head":"<!-- This site is optimized with the Yoast SEO plugin v27.4 - https:\/\/yoast.com\/product\/yoast-seo-wordpress\/ -->\n<title>Asperge verte bio : un march\u00e9 porteur qui r\u00e9siste \u00e0 la pression post-P\u00e2ques par S\u00e9bastien Delpech et FreshPlaza - Befve &amp; Co<\/title>\n<meta name=\"robots\" content=\"index, follow, max-snippet:-1, max-image-preview:large, max-video-preview:-1\" \/>\n<link rel=\"canonical\" href=\"https:\/\/befve.com\/es\/asperge-verte-bio-un-marche-porteur-qui-resiste-a-la-pression-post-paques-par-sebastien-delpech-et-freshplaza\/\" \/>\n<meta property=\"og:locale\" content=\"es_ES\" \/>\n<meta property=\"og:type\" content=\"article\" \/>\n<meta property=\"og:title\" content=\"Asperge verte bio : un march\u00e9 porteur qui r\u00e9siste \u00e0 la pression post-P\u00e2ques par S\u00e9bastien Delpech et FreshPlaza - Befve &amp; Co\" \/>\n<meta property=\"og:description\" content=\"S\u00e9bastien Delpech, EARL Laguillone : Asperge verte bio : un march\u00e9 porteur qui r\u00e9siste \u00e0 la pression post-P\u00e2ques Producteur \u00e0 Sistels \u00e0 proximit\u00e9 d&#8217;Agen, S\u00e9bastien Delpech cultive exclusivement en agriculture biologique des fraises, des prunes, du raisin de table, des kiwis et une large gamme de l\u00e9gumes dont des asperges vertes et blanches. \u00ab Nous [&hellip;]\" \/>\n<meta property=\"og:url\" content=\"https:\/\/befve.com\/es\/asperge-verte-bio-un-marche-porteur-qui-resiste-a-la-pression-post-paques-par-sebastien-delpech-et-freshplaza\/\" \/>\n<meta property=\"og:site_name\" content=\"Befve &amp; Co\" \/>\n<meta property=\"article:published_time\" content=\"2026-04-27T14:23:27+00:00\" \/>\n<meta property=\"article:modified_time\" content=\"2026-04-27T14:23:28+00:00\" \/>\n<meta property=\"og:image\" content=\"https:\/\/befve.com\/wp-content\/uploads\/articles-1.jpg\" \/>\n\t<meta property=\"og:image:width\" content=\"2444\" \/>\n\t<meta property=\"og:image:height\" content=\"1020\" \/>\n\t<meta property=\"og:image:type\" content=\"image\/jpeg\" \/>\n<meta name=\"author\" content=\"Christian\" \/>\n<meta name=\"twitter:card\" content=\"summary_large_image\" \/>\n<meta name=\"twitter:label1\" content=\"Escrito por\" \/>\n\t<meta name=\"twitter:data1\" content=\"Christian\" \/>\n\t<meta name=\"twitter:label2\" content=\"Tiempo de lectura\" \/>\n\t<meta name=\"twitter:data2\" content=\"3 minutos\" \/>\n<script type=\"application\/ld+json\" class=\"yoast-schema-graph\">{\"@context\":\"https:\\\/\\\/schema.org\",\"@graph\":[{\"@type\":\"Article\",\"@id\":\"https:\\\/\\\/befve.com\\\/es\\\/asperge-verte-bio-un-marche-porteur-qui-resiste-a-la-pression-post-paques-par-sebastien-delpech-et-freshplaza\\\/#article\",\"isPartOf\":{\"@id\":\"https:\\\/\\\/befve.com\\\/es\\\/asperge-verte-bio-un-marche-porteur-qui-resiste-a-la-pression-post-paques-par-sebastien-delpech-et-freshplaza\\\/\"},\"author\":{\"name\":\"Christian\",\"@id\":\"https:\\\/\\\/befve.com\\\/es\\\/#\\\/schema\\\/person\\\/ef49a1871aa7378da9d8d3cd2875d9b3\"},\"headline\":\"Asperge verte bio : un march\u00e9 porteur qui r\u00e9siste \u00e0 la pression post-P\u00e2ques par S\u00e9bastien Delpech et FreshPlaza\",\"datePublished\":\"2026-04-27T14:23:27+00:00\",\"dateModified\":\"2026-04-27T14:23:28+00:00\",\"mainEntityOfPage\":{\"@id\":\"https:\\\/\\\/befve.com\\\/es\\\/asperge-verte-bio-un-marche-porteur-qui-resiste-a-la-pression-post-paques-par-sebastien-delpech-et-freshplaza\\\/\"},\"wordCount\":578,\"publisher\":{\"@id\":\"https:\\\/\\\/befve.com\\\/es\\\/#organization\"},\"image\":{\"@id\":\"https:\\\/\\\/befve.com\\\/es\\\/asperge-verte-bio-un-marche-porteur-qui-resiste-a-la-pression-post-paques-par-sebastien-delpech-et-freshplaza\\\/#primaryimage\"},\"thumbnailUrl\":\"https:\\\/\\\/befve.com\\\/wp-content\\\/uploads\\\/articles-1.jpg\",\"articleSection\":[\"Non cat\u00e9goris\u00e9\"],\"inLanguage\":\"es\"},{\"@type\":\"WebPage\",\"@id\":\"https:\\\/\\\/befve.com\\\/es\\\/asperge-verte-bio-un-marche-porteur-qui-resiste-a-la-pression-post-paques-par-sebastien-delpech-et-freshplaza\\\/\",\"url\":\"https:\\\/\\\/befve.com\\\/es\\\/asperge-verte-bio-un-marche-porteur-qui-resiste-a-la-pression-post-paques-par-sebastien-delpech-et-freshplaza\\\/\",\"name\":\"Asperge verte bio : un march\u00e9 porteur qui r\u00e9siste \u00e0 la pression post-P\u00e2ques par S\u00e9bastien Delpech et FreshPlaza - Befve &amp; Co\",\"isPartOf\":{\"@id\":\"https:\\\/\\\/befve.com\\\/es\\\/#website\"},\"primaryImageOfPage\":{\"@id\":\"https:\\\/\\\/befve.com\\\/es\\\/asperge-verte-bio-un-marche-porteur-qui-resiste-a-la-pression-post-paques-par-sebastien-delpech-et-freshplaza\\\/#primaryimage\"},\"image\":{\"@id\":\"https:\\\/\\\/befve.com\\\/es\\\/asperge-verte-bio-un-marche-porteur-qui-resiste-a-la-pression-post-paques-par-sebastien-delpech-et-freshplaza\\\/#primaryimage\"},\"thumbnailUrl\":\"https:\\\/\\\/befve.com\\\/wp-content\\\/uploads\\\/articles-1.jpg\",\"datePublished\":\"2026-04-27T14:23:27+00:00\",\"dateModified\":\"2026-04-27T14:23:28+00:00\",\"breadcrumb\":{\"@id\":\"https:\\\/\\\/befve.com\\\/es\\\/asperge-verte-bio-un-marche-porteur-qui-resiste-a-la-pression-post-paques-par-sebastien-delpech-et-freshplaza\\\/#breadcrumb\"},\"inLanguage\":\"es\",\"potentialAction\":[{\"@type\":\"ReadAction\",\"target\":[\"https:\\\/\\\/befve.com\\\/es\\\/asperge-verte-bio-un-marche-porteur-qui-resiste-a-la-pression-post-paques-par-sebastien-delpech-et-freshplaza\\\/\"]}]},{\"@type\":\"ImageObject\",\"inLanguage\":\"es\",\"@id\":\"https:\\\/\\\/befve.com\\\/es\\\/asperge-verte-bio-un-marche-porteur-qui-resiste-a-la-pression-post-paques-par-sebastien-delpech-et-freshplaza\\\/#primaryimage\",\"url\":\"https:\\\/\\\/befve.com\\\/wp-content\\\/uploads\\\/articles-1.jpg\",\"contentUrl\":\"https:\\\/\\\/befve.com\\\/wp-content\\\/uploads\\\/articles-1.jpg\",\"width\":2444,\"height\":1020,\"caption\":\"befve asperges\"},{\"@type\":\"BreadcrumbList\",\"@id\":\"https:\\\/\\\/befve.com\\\/es\\\/asperge-verte-bio-un-marche-porteur-qui-resiste-a-la-pression-post-paques-par-sebastien-delpech-et-freshplaza\\\/#breadcrumb\",\"itemListElement\":[{\"@type\":\"ListItem\",\"position\":1,\"name\":\"Accueil\",\"item\":\"https:\\\/\\\/befve.com\\\/es\\\/\"},{\"@type\":\"ListItem\",\"position\":2,\"name\":\"Asperge verte bio : un march\u00e9 porteur qui r\u00e9siste \u00e0 la pression post-P\u00e2ques par S\u00e9bastien Delpech et FreshPlaza\"}]},{\"@type\":\"WebSite\",\"@id\":\"https:\\\/\\\/befve.com\\\/es\\\/#website\",\"url\":\"https:\\\/\\\/befve.com\\\/es\\\/\",\"name\":\"Befve &Co\",\"description\":\"Christian Befve expert &amp; consultant asperges\",\"publisher\":{\"@id\":\"https:\\\/\\\/befve.com\\\/es\\\/#organization\"},\"potentialAction\":[{\"@type\":\"SearchAction\",\"target\":{\"@type\":\"EntryPoint\",\"urlTemplate\":\"https:\\\/\\\/befve.com\\\/es\\\/?s={search_term_string}\"},\"query-input\":{\"@type\":\"PropertyValueSpecification\",\"valueRequired\":true,\"valueName\":\"search_term_string\"}}],\"inLanguage\":\"es\"},{\"@type\":\"Organization\",\"@id\":\"https:\\\/\\\/befve.com\\\/es\\\/#organization\",\"name\":\"Befve &Co\",\"alternateName\":\"Befve &Co\",\"url\":\"https:\\\/\\\/befve.com\\\/es\\\/\",\"logo\":{\"@type\":\"ImageObject\",\"inLanguage\":\"es\",\"@id\":\"https:\\\/\\\/befve.com\\\/es\\\/#\\\/schema\\\/logo\\\/image\\\/\",\"url\":\"https:\\\/\\\/befve.com\\\/wp-content\\\/uploads\\\/logo_green.svg\",\"contentUrl\":\"https:\\\/\\\/befve.com\\\/wp-content\\\/uploads\\\/logo_green.svg\",\"caption\":\"Befve &Co\"},\"image\":{\"@id\":\"https:\\\/\\\/befve.com\\\/es\\\/#\\\/schema\\\/logo\\\/image\\\/\"}},{\"@type\":\"Person\",\"@id\":\"https:\\\/\\\/befve.com\\\/es\\\/#\\\/schema\\\/person\\\/ef49a1871aa7378da9d8d3cd2875d9b3\",\"name\":\"Christian\",\"image\":{\"@type\":\"ImageObject\",\"inLanguage\":\"es\",\"@id\":\"https:\\\/\\\/secure.gravatar.com\\\/avatar\\\/aed3b721e8892b7d9bfd8295ae750fe92318b00b510c39bdb269ef3aac0241cc?s=96&d=mm&r=g\",\"url\":\"https:\\\/\\\/secure.gravatar.com\\\/avatar\\\/aed3b721e8892b7d9bfd8295ae750fe92318b00b510c39bdb269ef3aac0241cc?s=96&d=mm&r=g\",\"contentUrl\":\"https:\\\/\\\/secure.gravatar.com\\\/avatar\\\/aed3b721e8892b7d9bfd8295ae750fe92318b00b510c39bdb269ef3aac0241cc?s=96&d=mm&r=g\",\"caption\":\"Christian\"},\"url\":\"https:\\\/\\\/befve.com\\\/es\\\/author\\\/christian\\\/\"}]}<\/script>\n<!-- \/ Yoast SEO plugin. -->","yoast_head_json":{"title":"Asperge verte bio : un march\u00e9 porteur qui r\u00e9siste \u00e0 la pression post-P\u00e2ques par S\u00e9bastien Delpech et FreshPlaza - Befve &amp; Co","robots":{"index":"index","follow":"follow","max-snippet":"max-snippet:-1","max-image-preview":"max-image-preview:large","max-video-preview":"max-video-preview:-1"},"canonical":"https:\/\/befve.com\/es\/asperge-verte-bio-un-marche-porteur-qui-resiste-a-la-pression-post-paques-par-sebastien-delpech-et-freshplaza\/","og_locale":"es_ES","og_type":"article","og_title":"Asperge verte bio : un march\u00e9 porteur qui r\u00e9siste \u00e0 la pression post-P\u00e2ques par S\u00e9bastien Delpech et FreshPlaza - Befve &amp; Co","og_description":"S\u00e9bastien Delpech, EARL Laguillone : Asperge verte bio : un march\u00e9 porteur qui r\u00e9siste \u00e0 la pression post-P\u00e2ques Producteur \u00e0 Sistels \u00e0 proximit\u00e9 d&#8217;Agen, S\u00e9bastien Delpech cultive exclusivement en agriculture biologique des fraises, des prunes, du raisin de table, des kiwis et une large gamme de l\u00e9gumes dont des asperges vertes et blanches. \u00ab Nous [&hellip;]","og_url":"https:\/\/befve.com\/es\/asperge-verte-bio-un-marche-porteur-qui-resiste-a-la-pression-post-paques-par-sebastien-delpech-et-freshplaza\/","og_site_name":"Befve &amp; Co","article_published_time":"2026-04-27T14:23:27+00:00","article_modified_time":"2026-04-27T14:23:28+00:00","og_image":[{"width":2444,"height":1020,"url":"https:\/\/befve.com\/wp-content\/uploads\/articles-1.jpg","type":"image\/jpeg"}],"author":"Christian","twitter_card":"summary_large_image","twitter_misc":{"Escrito por":"Christian","Tiempo de lectura":"3 minutos"},"schema":{"@context":"https:\/\/schema.org","@graph":[{"@type":"Article","@id":"https:\/\/befve.com\/es\/asperge-verte-bio-un-marche-porteur-qui-resiste-a-la-pression-post-paques-par-sebastien-delpech-et-freshplaza\/#article","isPartOf":{"@id":"https:\/\/befve.com\/es\/asperge-verte-bio-un-marche-porteur-qui-resiste-a-la-pression-post-paques-par-sebastien-delpech-et-freshplaza\/"},"author":{"name":"Christian","@id":"https:\/\/befve.com\/es\/#\/schema\/person\/ef49a1871aa7378da9d8d3cd2875d9b3"},"headline":"Asperge verte bio : un march\u00e9 porteur qui r\u00e9siste \u00e0 la pression post-P\u00e2ques par S\u00e9bastien Delpech et FreshPlaza","datePublished":"2026-04-27T14:23:27+00:00","dateModified":"2026-04-27T14:23:28+00:00","mainEntityOfPage":{"@id":"https:\/\/befve.com\/es\/asperge-verte-bio-un-marche-porteur-qui-resiste-a-la-pression-post-paques-par-sebastien-delpech-et-freshplaza\/"},"wordCount":578,"publisher":{"@id":"https:\/\/befve.com\/es\/#organization"},"image":{"@id":"https:\/\/befve.com\/es\/asperge-verte-bio-un-marche-porteur-qui-resiste-a-la-pression-post-paques-par-sebastien-delpech-et-freshplaza\/#primaryimage"},"thumbnailUrl":"https:\/\/befve.com\/wp-content\/uploads\/articles-1.jpg","articleSection":["Non cat\u00e9goris\u00e9"],"inLanguage":"es"},{"@type":"WebPage","@id":"https:\/\/befve.com\/es\/asperge-verte-bio-un-marche-porteur-qui-resiste-a-la-pression-post-paques-par-sebastien-delpech-et-freshplaza\/","url":"https:\/\/befve.com\/es\/asperge-verte-bio-un-marche-porteur-qui-resiste-a-la-pression-post-paques-par-sebastien-delpech-et-freshplaza\/","name":"Asperge verte bio : un march\u00e9 porteur qui r\u00e9siste \u00e0 la pression post-P\u00e2ques par S\u00e9bastien Delpech et FreshPlaza - Befve &amp; Co","isPartOf":{"@id":"https:\/\/befve.com\/es\/#website"},"primaryImageOfPage":{"@id":"https:\/\/befve.com\/es\/asperge-verte-bio-un-marche-porteur-qui-resiste-a-la-pression-post-paques-par-sebastien-delpech-et-freshplaza\/#primaryimage"},"image":{"@id":"https:\/\/befve.com\/es\/asperge-verte-bio-un-marche-porteur-qui-resiste-a-la-pression-post-paques-par-sebastien-delpech-et-freshplaza\/#primaryimage"},"thumbnailUrl":"https:\/\/befve.com\/wp-content\/uploads\/articles-1.jpg","datePublished":"2026-04-27T14:23:27+00:00","dateModified":"2026-04-27T14:23:28+00:00","breadcrumb":{"@id":"https:\/\/befve.com\/es\/asperge-verte-bio-un-marche-porteur-qui-resiste-a-la-pression-post-paques-par-sebastien-delpech-et-freshplaza\/#breadcrumb"},"inLanguage":"es","potentialAction":[{"@type":"ReadAction","target":["https:\/\/befve.com\/es\/asperge-verte-bio-un-marche-porteur-qui-resiste-a-la-pression-post-paques-par-sebastien-delpech-et-freshplaza\/"]}]},{"@type":"ImageObject","inLanguage":"es","@id":"https:\/\/befve.com\/es\/asperge-verte-bio-un-marche-porteur-qui-resiste-a-la-pression-post-paques-par-sebastien-delpech-et-freshplaza\/#primaryimage","url":"https:\/\/befve.com\/wp-content\/uploads\/articles-1.jpg","contentUrl":"https:\/\/befve.com\/wp-content\/uploads\/articles-1.jpg","width":2444,"height":1020,"caption":"befve asperges"},{"@type":"BreadcrumbList","@id":"https:\/\/befve.com\/es\/asperge-verte-bio-un-marche-porteur-qui-resiste-a-la-pression-post-paques-par-sebastien-delpech-et-freshplaza\/#breadcrumb","itemListElement":[{"@type":"ListItem","position":1,"name":"Accueil","item":"https:\/\/befve.com\/es\/"},{"@type":"ListItem","position":2,"name":"Asperge verte bio : un march\u00e9 porteur qui r\u00e9siste \u00e0 la pression post-P\u00e2ques par S\u00e9bastien Delpech et FreshPlaza"}]},{"@type":"WebSite","@id":"https:\/\/befve.com\/es\/#website","url":"https:\/\/befve.com\/es\/","name":"Befve &Co","description":"Christian Befve expert &amp; consultant asperges","publisher":{"@id":"https:\/\/befve.com\/es\/#organization"},"potentialAction":[{"@type":"SearchAction","target":{"@type":"EntryPoint","urlTemplate":"https:\/\/befve.com\/es\/?s={search_term_string}"},"query-input":{"@type":"PropertyValueSpecification","valueRequired":true,"valueName":"search_term_string"}}],"inLanguage":"es"},{"@type":"Organization","@id":"https:\/\/befve.com\/es\/#organization","name":"Befve &Co","alternateName":"Befve &Co","url":"https:\/\/befve.com\/es\/","logo":{"@type":"ImageObject","inLanguage":"es","@id":"https:\/\/befve.com\/es\/#\/schema\/logo\/image\/","url":"https:\/\/befve.com\/wp-content\/uploads\/logo_green.svg","contentUrl":"https:\/\/befve.com\/wp-content\/uploads\/logo_green.svg","caption":"Befve &Co"},"image":{"@id":"https:\/\/befve.com\/es\/#\/schema\/logo\/image\/"}},{"@type":"Person","@id":"https:\/\/befve.com\/es\/#\/schema\/person\/ef49a1871aa7378da9d8d3cd2875d9b3","name":"Christian","image":{"@type":"ImageObject","inLanguage":"es","@id":"https:\/\/secure.gravatar.com\/avatar\/aed3b721e8892b7d9bfd8295ae750fe92318b00b510c39bdb269ef3aac0241cc?s=96&d=mm&r=g","url":"https:\/\/secure.gravatar.com\/avatar\/aed3b721e8892b7d9bfd8295ae750fe92318b00b510c39bdb269ef3aac0241cc?s=96&d=mm&r=g","contentUrl":"https:\/\/secure.gravatar.com\/avatar\/aed3b721e8892b7d9bfd8295ae750fe92318b00b510c39bdb269ef3aac0241cc?s=96&d=mm&r=g","caption":"Christian"},"url":"https:\/\/befve.com\/es\/author\/christian\/"}]}},"_links":{"self":[{"href":"https:\/\/befve.com\/es\/wp-json\/wp\/v2\/posts\/265968","targetHints":{"allow":["GET"]}}],"collection":[{"href":"https:\/\/befve.com\/es\/wp-json\/wp\/v2\/posts"}],"about":[{"href":"https:\/\/befve.com\/es\/wp-json\/wp\/v2\/types\/post"}],"author":[{"embeddable":true,"href":"https:\/\/befve.com\/es\/wp-json\/wp\/v2\/users\/7"}],"replies":[{"embeddable":true,"href":"https:\/\/befve.com\/es\/wp-json\/wp\/v2\/comments?post=265968"}],"version-history":[{"count":1,"href":"https:\/\/befve.com\/es\/wp-json\/wp\/v2\/posts\/265968\/revisions"}],"predecessor-version":[{"id":265969,"href":"https:\/\/befve.com\/es\/wp-json\/wp\/v2\/posts\/265968\/revisions\/265969"}],"wp:featuredmedia":[{"embeddable":true,"href":"https:\/\/befve.com\/es\/wp-json\/wp\/v2\/media\/37267"}],"wp:attachment":[{"href":"https:\/\/befve.com\/es\/wp-json\/wp\/v2\/media?parent=265968"}],"wp:term":[{"taxonomy":"category","embeddable":true,"href":"https:\/\/befve.com\/es\/wp-json\/wp\/v2\/categories?post=265968"},{"taxonomy":"post_tag","embeddable":true,"href":"https:\/\/befve.com\/es\/wp-json\/wp\/v2\/tags?post=265968"}],"curies":[{"name":"wp","href":"https:\/\/api.w.org\/{rel}","templated":true}]}}