{"id":267739,"date":"2026-09-01T13:54:38","date_gmt":"2026-09-01T13:54:38","guid":{"rendered":"https:\/\/befve.com\/?p=267739"},"modified":"2026-09-01T13:54:39","modified_gmt":"2026-09-01T13:54:39","slug":"gracias-al-producto-almacenado-en-camara-podemos-disfrutar-de-unas-semanas-mas-de-buenas-ventas-por-john-berden-de-blueberry-giant-sobre-la-temporada-alemana-de-arandanos-y-freshplaza","status":"publish","type":"post","link":"https:\/\/befve.com\/es\/gracias-al-producto-almacenado-en-camara-podemos-disfrutar-de-unas-semanas-mas-de-buenas-ventas-por-john-berden-de-blueberry-giant-sobre-la-temporada-alemana-de-arandanos-y-freshplaza\/","title":{"rendered":"\u00abGracias al producto almacenado en c\u00e1mara podemos disfrutar de unas semanas m\u00e1s de buenas ventas\u00bb por John Berden, de Blueberry Giant, sobre la temporada alemana de ar\u00e1ndanos y FreshPlaza"},"content":{"rendered":"\n<p class=\"wp-block-paragraph\">John Berden, de Blueberry Giant, sobre la temporada alemana de ar\u00e1ndanos:<\/p>\n\n\n\n<h1 class=\"wp-block-heading\">\u00abGracias al producto almacenado en c\u00e1mara podemos disfrutar de unas semanas m\u00e1s de buenas ventas\u00bb<\/h1>\n\n\n\n<p class=\"wp-block-paragraph\">La campa\u00f1a europea del ar\u00e1ndano va llegando poco a poco a su fin. \u00abLa mayor\u00eda de nuestros recolectores se ha marchado ya a casa; la segunda y tercera cosecha de nuestra variedad tard\u00eda Aurora se est\u00e1 realizando ya de forma mec\u00e1nica y terminar\u00e1 en la primera semana de septiembre\u00bb, declara John Berden, director de explotaci\u00f3n de Blueberry Giant, empresa productora ubicada en Weeze, a escasos metros de la frontera entre Alemania y los Pa\u00edses Bajos.<\/p>\n\n\n\n<p class=\"wp-block-paragraph\">En comparaci\u00f3n con el a\u00f1o pasado, el productor ha puesto fin a la recolecci\u00f3n manual un poco antes. Una decisi\u00f3n meditada. \u00abLos rendimientos van reduci\u00e9ndose y, con ellos, la eficiencia de la recolecci\u00f3n, lo cual, por supuesto, tambi\u00e9n se debe al calor\u00bb. A pesar de las semanas de sequ\u00eda en la zona fronteriza, Berden no tiene motivos de queja en cuanto a los rendimientos de esta campa\u00f1a. \u00abCon la variedad Duke, los rendimientos netos se sit\u00faan en torno a la media, en cambio, con otras como la Calypso hemos obtenido rendimientos buenos o muy buenos, y adem\u00e1s, hemos podido cosechar fruta bonita y de calibres grandes\u00bb.<\/p>\n\n\n\n<p class=\"wp-block-paragraph\"><img decoding=\"async\" src=\"https:\/\/www.freshplaza.es\/remote\/https\/agfstorage.blob.core.windows.net\/misc\/AGF_nl\/2025\/07\/16\/giant8.jpg?preset=ContentFullSmall\" alt=\"\" class=\"\" srcset=\"https:\/\/www.freshplaza.es\/remote\/https\/agfstorage.blob.core.windows.net\/misc\/AGF_nl\/2025\/07\/16\/giant8.jpg?preset=ContentFullSmall 626w,https:\/\/www.freshplaza.es\/remote\/https\/agfstorage.blob.core.windows.net\/misc\/AGF_nl\/2025\/07\/16\/giant8.jpg?preset=ContentFullMedium 938w,https:\/\/www.freshplaza.es\/remote\/https\/agfstorage.blob.core.windows.net\/misc\/AGF_nl\/2025\/07\/16\/giant8.jpg?preset=ContentFullBig 1250w\"><em>John Berden durante la visita de FreshPlaza del pasado verano.<\/em><\/p>\n\n\n\n<p class=\"wp-block-paragraph\"><strong>Calypso como variedad de alto rendimiento<\/strong><br>En total, el cat\u00e1logo de Blueberry Giant incluye unas ocho variedades, entre las que se encuentran la Duke, la Liberty, la Aurora, la Valer, la Draper, la Topshelf, la Cargo y, por supuesto, la Calypso. Esta \u00faltima se cultiva ya en unas 12 hect\u00e1reas, lo que la convierte en la segunda variedad m\u00e1s importante de la empresa en t\u00e9rminos de superficie. Se espera que las parcelas m\u00e1s j\u00f3venes, plantadas el a\u00f1o pasado, alcancen plena producci\u00f3n la pr\u00f3xima campa\u00f1a. Variedades m\u00e1s antiguas como Bluecrop y Ozark Blue ya no tienen cabida en esta explotaci\u00f3n, propiedad de Schrijnwerkers Groep.<\/p>\n\n\n\n<p class=\"wp-block-paragraph\"><strong>Ampliaci\u00f3n de la temporada de comercializaci\u00f3n<\/strong><br>Las ventas han discurrido de forma relativamente fluida desde el inicio de la cosecha el 22 de junio, contin\u00faa Berden. Los precios se han situado a niveles similares a los del a\u00f1o pasado, aunque han estado sometidos a una presi\u00f3n considerable, sobre todo desde mediados de julio. \u00abLa campa\u00f1a ha terminado relativamente pronto en casi toda Europa y esto ha provocado una escasez de oferta. Nosotros, sin embargo, contamos todav\u00eda con bastante producto en c\u00e1mara, ya que desde principios de julio hemos ido reservando parte de la cosecha. De esta manera, creo que es posible alargar la temporada de comercializaci\u00f3n hasta mediados de septiembre. Son unas semanas de ventas que, en t\u00e9rminos de precios, pueden resultar bastante interesantes\u00bb.<\/p>\n\n\n\n<p class=\"wp-block-paragraph\"><em><img decoding=\"async\" src=\"https:\/\/www.freshplaza.es\/remote\/https\/agfstorage.blob.core.windows.net\/misc\/AGF_nl\/2025\/07\/16\/DSC_0232.jpg?preset=ContentFullSmall\" alt=\"\" class=\"\" srcset=\"https:\/\/www.freshplaza.es\/remote\/https\/agfstorage.blob.core.windows.net\/misc\/AGF_nl\/2025\/07\/16\/DSC_0232.jpg?preset=ContentFullSmall 626w,https:\/\/www.freshplaza.es\/remote\/https\/agfstorage.blob.core.windows.net\/misc\/AGF_nl\/2025\/07\/16\/DSC_0232.jpg?preset=ContentFullMedium 938w,https:\/\/www.freshplaza.es\/remote\/https\/agfstorage.blob.core.windows.net\/misc\/AGF_nl\/2025\/07\/16\/DSC_0232.jpg?preset=ContentFullBig 1250w\">As\u00ed se realiza la recolecci\u00f3n mec\u00e1nica. El suministro actual de las variedades Calypso, Draper y Liberty proviene de c\u00e1maras de almacenamiento.<\/em><\/p>\n\n\n\n<p class=\"wp-block-paragraph\"><strong>Combinaci\u00f3n de recolecci\u00f3n manual y mec\u00e1nica<\/strong><br>Gracias al crecimiento sostenido de los \u00faltimos a\u00f1os, Berden ha llegado a contar con alrededor de 100 recolectores en plena temporada, principalmente ucranianos, complementados con rumanos y polacos. \u00abReclutar a estos temporeros es cada vez m\u00e1s dif\u00edcil, pero por suerte contamos con buenos canales de captaci\u00f3n. En t\u00e9rminos generales, los costes laborales han aumentado considerablemente en los \u00faltimos a\u00f1os. Por ahora, la combinaci\u00f3n de recolecci\u00f3n mec\u00e1nica y manual nos est\u00e1 permitiendo mantener los costes de producci\u00f3n bajo control. Este a\u00f1o, por ejemplo, empezamos con la recolecci\u00f3n mec\u00e1nica apenas unos d\u00edas tras el inicio de la cosecha, en parte tambi\u00e9n de noche debido al calor. As\u00ed pues, estamos siempre tomando decisiones conscientes en funci\u00f3n de la variedad y del rendimiento de los recolectores\u00bb.<\/p>\n\n\n\n<p class=\"wp-block-paragraph\">Para m\u00e1s informaci\u00f3n:<br>John Berden<br><strong>Blueberry Giant GmbH &amp; Co. KG<\/strong><br>Hees 19<img decoding=\"async\" src=\"https:\/\/www.freshplaza.es\/remote\/https\/agfstorage.blob.core.windows.net\/misc\/AGF_nl\/2023\/09\/20\/blue.JPG?preset=ContentCustom\" alt=\"\" class=\"\"><br>47652 Weeze (Alemania)<br>Tel.: +49 2837 961512<br><a href=\"mailto:info@blueberry-giant.de?subject=Reactie op AGF.nl artikel\" target=\"_blank\" rel=\"noopener\">info@blueberry-giant.de<\/a><br><a href=\"http:\/\/www.blueberry-giant.de\" target=\"_blank\" rel=\"noopener\">www.blueberry-giant.de<\/a><\/p>\n","protected":false},"excerpt":{"rendered":"<p>John Berden, de Blueberry Giant, sobre la temporada alemana de ar\u00e1ndanos: \u00abGracias al producto almacenado en c\u00e1mara podemos disfrutar de unas semanas m\u00e1s de buenas ventas\u00bb La campa\u00f1a europea del ar\u00e1ndano va llegando poco a poco a su fin. \u00abLa mayor\u00eda de nuestros recolectores se ha marchado ya a casa; la segunda y tercera cosecha [&hellip;]<\/p>\n","protected":false},"author":7,"featured_media":266085,"comment_status":"closed","ping_status":"closed","sticky":false,"template":"","format":"standard","meta":{"_acf_changed":false,"iawp_total_views":0,"footnotes":""},"categories":[23],"tags":[],"class_list":["post-267739","post","type-post","status-publish","format-standard","has-post-thumbnail","hentry","category-sin-categoria"],"acf":[],"featured_image_url":{"thumbnail":"https:\/\/befve.com\/wp-content\/uploads\/2026\/05\/articles-Christian-Befve-150x150.jpg","medium":"https:\/\/befve.com\/wp-content\/uploads\/2026\/05\/articles-Christian-Befve-300x60.jpg","medium_large":"https:\/\/befve.com\/wp-content\/uploads\/2026\/05\/articles-Christian-Befve-768x154.jpg","large":"https:\/\/befve.com\/wp-content\/uploads\/2026\/05\/articles-Christian-Befve-1024x205.jpg","1536x1536":"https:\/\/befve.com\/wp-content\/uploads\/2026\/05\/articles-Christian-Befve-1536x307.jpg","2048x2048":"https:\/\/befve.com\/wp-content\/uploads\/2026\/05\/articles-Christian-Befve-2048x410.jpg"},"post_author":"Christian","assigned_categories":"Sin categor\u00eda","yoast_head":"<!-- This site is optimized with the Yoast SEO plugin v28.4 - https:\/\/yoast.com\/product\/yoast-seo-wordpress\/ -->\n<title>&quot;Gracias al producto almacenado en c\u00e1mara podemos disfrutar de unas semanas m\u00e1s de buenas ventas&quot; por John Berden, de Blueberry Giant, sobre la temporada alemana de ar\u00e1ndanos y FreshPlaza - Befve &amp; Co<\/title>\n<meta name=\"robots\" content=\"index, follow, max-snippet:-1, max-image-preview:large, max-video-preview:-1\" \/>\n<link rel=\"canonical\" href=\"https:\/\/befve.com\/es\/gracias-al-producto-almacenado-en-camara-podemos-disfrutar-de-unas-semanas-mas-de-buenas-ventas-por-john-berden-de-blueberry-giant-sobre-la-temporada-alemana-de-arandanos-y-freshplaza\/\" \/>\n<meta property=\"og:locale\" content=\"es_ES\" \/>\n<meta property=\"og:type\" content=\"article\" \/>\n<meta property=\"og:title\" content=\"&quot;Gracias al producto almacenado en c\u00e1mara podemos disfrutar de unas semanas m\u00e1s de buenas ventas&quot; por John Berden, de Blueberry Giant, sobre la temporada alemana de ar\u00e1ndanos y FreshPlaza - Befve &amp; Co\" \/>\n<meta property=\"og:description\" content=\"John Berden, de Blueberry Giant, sobre la temporada alemana de ar\u00e1ndanos: \u00abGracias al producto almacenado en c\u00e1mara podemos disfrutar de unas semanas m\u00e1s de buenas ventas\u00bb La campa\u00f1a europea del ar\u00e1ndano va llegando poco a poco a su fin. \u00abLa mayor\u00eda de nuestros recolectores se ha marchado ya a casa; la segunda y tercera cosecha [&hellip;]\" \/>\n<meta property=\"og:url\" content=\"https:\/\/befve.com\/es\/gracias-al-producto-almacenado-en-camara-podemos-disfrutar-de-unas-semanas-mas-de-buenas-ventas-por-john-berden-de-blueberry-giant-sobre-la-temporada-alemana-de-arandanos-y-freshplaza\/\" \/>\n<meta property=\"og:site_name\" content=\"Befve &amp; Co\" \/>\n<meta property=\"article:published_time\" content=\"2026-09-01T13:54:38+00:00\" \/>\n<meta property=\"article:modified_time\" content=\"2026-09-01T13:54:39+00:00\" \/>\n<meta property=\"og:image\" content=\"https:\/\/befve.com\/wp-content\/uploads\/2026\/05\/articles-Christian-Befve-scaled.jpg\" \/>\n\t<meta property=\"og:image:width\" content=\"2560\" \/>\n\t<meta property=\"og:image:height\" content=\"512\" \/>\n\t<meta property=\"og:image:type\" content=\"image\/jpeg\" \/>\n<meta name=\"author\" content=\"Christian\" \/>\n<meta name=\"twitter:card\" content=\"summary_large_image\" \/>\n<meta name=\"twitter:label1\" content=\"Escrito por\" \/>\n\t<meta name=\"twitter:data1\" content=\"Christian\" \/>\n\t<meta name=\"twitter:label2\" content=\"Tiempo de lectura\" \/>\n\t<meta name=\"twitter:data2\" content=\"4 minutos\" \/>\n<script type=\"application\/ld+json\" class=\"yoast-schema-graph\">{\"@context\":\"https:\\\/\\\/schema.org\",\"@graph\":[{\"@type\":\"Article\",\"@id\":\"https:\\\/\\\/befve.com\\\/es\\\/gracias-al-producto-almacenado-en-camara-podemos-disfrutar-de-unas-semanas-mas-de-buenas-ventas-por-john-berden-de-blueberry-giant-sobre-la-temporada-alemana-de-arandanos-y-freshplaza\\\/#article\",\"isPartOf\":{\"@id\":\"https:\\\/\\\/befve.com\\\/es\\\/gracias-al-producto-almacenado-en-camara-podemos-disfrutar-de-unas-semanas-mas-de-buenas-ventas-por-john-berden-de-blueberry-giant-sobre-la-temporada-alemana-de-arandanos-y-freshplaza\\\/\"},\"author\":{\"name\":\"Christian\",\"@id\":\"https:\\\/\\\/befve.com\\\/es\\\/#\\\/schema\\\/person\\\/ef49a1871aa7378da9d8d3cd2875d9b3\"},\"headline\":\"\u00abGracias al producto almacenado en c\u00e1mara podemos disfrutar de unas semanas m\u00e1s de buenas ventas\u00bb por John Berden, de Blueberry Giant, sobre la temporada alemana de ar\u00e1ndanos y FreshPlaza\",\"datePublished\":\"2026-09-01T13:54:38+00:00\",\"dateModified\":\"2026-09-01T13:54:39+00:00\",\"mainEntityOfPage\":{\"@id\":\"https:\\\/\\\/befve.com\\\/es\\\/gracias-al-producto-almacenado-en-camara-podemos-disfrutar-de-unas-semanas-mas-de-buenas-ventas-por-john-berden-de-blueberry-giant-sobre-la-temporada-alemana-de-arandanos-y-freshplaza\\\/\"},\"wordCount\":710,\"publisher\":{\"@id\":\"https:\\\/\\\/befve.com\\\/es\\\/#organization\"},\"image\":{\"@id\":\"https:\\\/\\\/befve.com\\\/es\\\/gracias-al-producto-almacenado-en-camara-podemos-disfrutar-de-unas-semanas-mas-de-buenas-ventas-por-john-berden-de-blueberry-giant-sobre-la-temporada-alemana-de-arandanos-y-freshplaza\\\/#primaryimage\"},\"thumbnailUrl\":\"https:\\\/\\\/befve.com\\\/wp-content\\\/uploads\\\/2026\\\/05\\\/articles-Christian-Befve-scaled.jpg\",\"inLanguage\":\"es\"},{\"@type\":\"WebPage\",\"@id\":\"https:\\\/\\\/befve.com\\\/es\\\/gracias-al-producto-almacenado-en-camara-podemos-disfrutar-de-unas-semanas-mas-de-buenas-ventas-por-john-berden-de-blueberry-giant-sobre-la-temporada-alemana-de-arandanos-y-freshplaza\\\/\",\"url\":\"https:\\\/\\\/befve.com\\\/es\\\/gracias-al-producto-almacenado-en-camara-podemos-disfrutar-de-unas-semanas-mas-de-buenas-ventas-por-john-berden-de-blueberry-giant-sobre-la-temporada-alemana-de-arandanos-y-freshplaza\\\/\",\"name\":\"\\\"Gracias al producto almacenado en c\u00e1mara podemos disfrutar de unas semanas m\u00e1s de buenas ventas\\\" por John Berden, de Blueberry Giant, sobre la temporada alemana de ar\u00e1ndanos y FreshPlaza - Befve &amp; Co\",\"isPartOf\":{\"@id\":\"https:\\\/\\\/befve.com\\\/es\\\/#website\"},\"primaryImageOfPage\":{\"@id\":\"https:\\\/\\\/befve.com\\\/es\\\/gracias-al-producto-almacenado-en-camara-podemos-disfrutar-de-unas-semanas-mas-de-buenas-ventas-por-john-berden-de-blueberry-giant-sobre-la-temporada-alemana-de-arandanos-y-freshplaza\\\/#primaryimage\"},\"image\":{\"@id\":\"https:\\\/\\\/befve.com\\\/es\\\/gracias-al-producto-almacenado-en-camara-podemos-disfrutar-de-unas-semanas-mas-de-buenas-ventas-por-john-berden-de-blueberry-giant-sobre-la-temporada-alemana-de-arandanos-y-freshplaza\\\/#primaryimage\"},\"thumbnailUrl\":\"https:\\\/\\\/befve.com\\\/wp-content\\\/uploads\\\/2026\\\/05\\\/articles-Christian-Befve-scaled.jpg\",\"datePublished\":\"2026-09-01T13:54:38+00:00\",\"dateModified\":\"2026-09-01T13:54:39+00:00\",\"breadcrumb\":{\"@id\":\"https:\\\/\\\/befve.com\\\/es\\\/gracias-al-producto-almacenado-en-camara-podemos-disfrutar-de-unas-semanas-mas-de-buenas-ventas-por-john-berden-de-blueberry-giant-sobre-la-temporada-alemana-de-arandanos-y-freshplaza\\\/#breadcrumb\"},\"inLanguage\":\"es\",\"potentialAction\":[{\"@type\":\"ReadAction\",\"target\":[\"https:\\\/\\\/befve.com\\\/es\\\/gracias-al-producto-almacenado-en-camara-podemos-disfrutar-de-unas-semanas-mas-de-buenas-ventas-por-john-berden-de-blueberry-giant-sobre-la-temporada-alemana-de-arandanos-y-freshplaza\\\/\"]}]},{\"@type\":\"ImageObject\",\"inLanguage\":\"es\",\"@id\":\"https:\\\/\\\/befve.com\\\/es\\\/gracias-al-producto-almacenado-en-camara-podemos-disfrutar-de-unas-semanas-mas-de-buenas-ventas-por-john-berden-de-blueberry-giant-sobre-la-temporada-alemana-de-arandanos-y-freshplaza\\\/#primaryimage\",\"url\":\"https:\\\/\\\/befve.com\\\/wp-content\\\/uploads\\\/2026\\\/05\\\/articles-Christian-Befve-scaled.jpg\",\"contentUrl\":\"https:\\\/\\\/befve.com\\\/wp-content\\\/uploads\\\/2026\\\/05\\\/articles-Christian-Befve-scaled.jpg\",\"width\":2560,\"height\":512},{\"@type\":\"BreadcrumbList\",\"@id\":\"https:\\\/\\\/befve.com\\\/es\\\/gracias-al-producto-almacenado-en-camara-podemos-disfrutar-de-unas-semanas-mas-de-buenas-ventas-por-john-berden-de-blueberry-giant-sobre-la-temporada-alemana-de-arandanos-y-freshplaza\\\/#breadcrumb\",\"itemListElement\":[{\"@type\":\"ListItem\",\"position\":1,\"name\":\"Accueil\",\"item\":\"https:\\\/\\\/befve.com\\\/es\\\/\"},{\"@type\":\"ListItem\",\"position\":2,\"name\":\"\u00abGracias al producto almacenado en c\u00e1mara podemos disfrutar de unas semanas m\u00e1s de buenas ventas\u00bb por John Berden, de Blueberry Giant, sobre la temporada alemana de ar\u00e1ndanos y FreshPlaza\"}]},{\"@type\":\"WebSite\",\"@id\":\"https:\\\/\\\/befve.com\\\/es\\\/#website\",\"url\":\"https:\\\/\\\/befve.com\\\/es\\\/\",\"name\":\"Befve &Co\",\"description\":\"Christian Befve expert &amp; consultant asperges\",\"publisher\":{\"@id\":\"https:\\\/\\\/befve.com\\\/es\\\/#organization\"},\"potentialAction\":[{\"@type\":\"SearchAction\",\"target\":{\"@type\":\"EntryPoint\",\"urlTemplate\":\"https:\\\/\\\/befve.com\\\/es\\\/?s={search_term_string}\"},\"query-input\":{\"@type\":\"PropertyValueSpecification\",\"valueRequired\":true,\"valueName\":\"search_term_string\"}}],\"inLanguage\":\"es\"},{\"@type\":\"Organization\",\"@id\":\"https:\\\/\\\/befve.com\\\/es\\\/#organization\",\"name\":\"Befve &Co\",\"alternateName\":\"Befve &Co\",\"url\":\"https:\\\/\\\/befve.com\\\/es\\\/\",\"logo\":{\"@type\":\"ImageObject\",\"inLanguage\":\"es\",\"@id\":\"https:\\\/\\\/befve.com\\\/es\\\/#\\\/schema\\\/logo\\\/image\\\/\",\"url\":\"https:\\\/\\\/befve.com\\\/wp-content\\\/uploads\\\/logo_green.svg\",\"contentUrl\":\"https:\\\/\\\/befve.com\\\/wp-content\\\/uploads\\\/logo_green.svg\",\"caption\":\"Befve &Co\"},\"image\":{\"@id\":\"https:\\\/\\\/befve.com\\\/es\\\/#\\\/schema\\\/logo\\\/image\\\/\"}},{\"@type\":\"Person\",\"@id\":\"https:\\\/\\\/befve.com\\\/es\\\/#\\\/schema\\\/person\\\/ef49a1871aa7378da9d8d3cd2875d9b3\",\"name\":\"Christian\",\"image\":{\"@type\":\"ImageObject\",\"inLanguage\":\"es\",\"@id\":\"https:\\\/\\\/secure.gravatar.com\\\/avatar\\\/aed3b721e8892b7d9bfd8295ae750fe92318b00b510c39bdb269ef3aac0241cc?s=96&d=mm&r=g\",\"url\":\"https:\\\/\\\/secure.gravatar.com\\\/avatar\\\/aed3b721e8892b7d9bfd8295ae750fe92318b00b510c39bdb269ef3aac0241cc?s=96&d=mm&r=g\",\"contentUrl\":\"https:\\\/\\\/secure.gravatar.com\\\/avatar\\\/aed3b721e8892b7d9bfd8295ae750fe92318b00b510c39bdb269ef3aac0241cc?s=96&d=mm&r=g\",\"caption\":\"Christian\"},\"url\":\"https:\\\/\\\/befve.com\\\/es\\\/author\\\/christian\\\/\"}]}<\/script>\n<!-- \/ Yoast SEO plugin. -->","yoast_head_json":{"title":"\"Gracias al producto almacenado en c\u00e1mara podemos disfrutar de unas semanas m\u00e1s de buenas ventas\" por John Berden, de Blueberry Giant, sobre la temporada alemana de ar\u00e1ndanos y FreshPlaza - Befve &amp; Co","robots":{"index":"index","follow":"follow","max-snippet":"max-snippet:-1","max-image-preview":"max-image-preview:large","max-video-preview":"max-video-preview:-1"},"canonical":"https:\/\/befve.com\/es\/gracias-al-producto-almacenado-en-camara-podemos-disfrutar-de-unas-semanas-mas-de-buenas-ventas-por-john-berden-de-blueberry-giant-sobre-la-temporada-alemana-de-arandanos-y-freshplaza\/","og_locale":"es_ES","og_type":"article","og_title":"\"Gracias al producto almacenado en c\u00e1mara podemos disfrutar de unas semanas m\u00e1s de buenas ventas\" por John Berden, de Blueberry Giant, sobre la temporada alemana de ar\u00e1ndanos y FreshPlaza - Befve &amp; Co","og_description":"John Berden, de Blueberry Giant, sobre la temporada alemana de ar\u00e1ndanos: \u00abGracias al producto almacenado en c\u00e1mara podemos disfrutar de unas semanas m\u00e1s de buenas ventas\u00bb La campa\u00f1a europea del ar\u00e1ndano va llegando poco a poco a su fin. \u00abLa mayor\u00eda de nuestros recolectores se ha marchado ya a casa; la segunda y tercera cosecha [&hellip;]","og_url":"https:\/\/befve.com\/es\/gracias-al-producto-almacenado-en-camara-podemos-disfrutar-de-unas-semanas-mas-de-buenas-ventas-por-john-berden-de-blueberry-giant-sobre-la-temporada-alemana-de-arandanos-y-freshplaza\/","og_site_name":"Befve &amp; Co","article_published_time":"2026-09-01T13:54:38+00:00","article_modified_time":"2026-09-01T13:54:39+00:00","og_image":[{"width":2560,"height":512,"url":"https:\/\/befve.com\/wp-content\/uploads\/2026\/05\/articles-Christian-Befve-scaled.jpg","type":"image\/jpeg"}],"author":"Christian","twitter_card":"summary_large_image","twitter_misc":{"Escrito por":"Christian","Tiempo de lectura":"4 minutos"},"schema":{"@context":"https:\/\/schema.org","@graph":[{"@type":"Article","@id":"https:\/\/befve.com\/es\/gracias-al-producto-almacenado-en-camara-podemos-disfrutar-de-unas-semanas-mas-de-buenas-ventas-por-john-berden-de-blueberry-giant-sobre-la-temporada-alemana-de-arandanos-y-freshplaza\/#article","isPartOf":{"@id":"https:\/\/befve.com\/es\/gracias-al-producto-almacenado-en-camara-podemos-disfrutar-de-unas-semanas-mas-de-buenas-ventas-por-john-berden-de-blueberry-giant-sobre-la-temporada-alemana-de-arandanos-y-freshplaza\/"},"author":{"name":"Christian","@id":"https:\/\/befve.com\/es\/#\/schema\/person\/ef49a1871aa7378da9d8d3cd2875d9b3"},"headline":"\u00abGracias al producto almacenado en c\u00e1mara podemos disfrutar de unas semanas m\u00e1s de buenas ventas\u00bb por John Berden, de Blueberry Giant, sobre la temporada alemana de ar\u00e1ndanos y FreshPlaza","datePublished":"2026-09-01T13:54:38+00:00","dateModified":"2026-09-01T13:54:39+00:00","mainEntityOfPage":{"@id":"https:\/\/befve.com\/es\/gracias-al-producto-almacenado-en-camara-podemos-disfrutar-de-unas-semanas-mas-de-buenas-ventas-por-john-berden-de-blueberry-giant-sobre-la-temporada-alemana-de-arandanos-y-freshplaza\/"},"wordCount":710,"publisher":{"@id":"https:\/\/befve.com\/es\/#organization"},"image":{"@id":"https:\/\/befve.com\/es\/gracias-al-producto-almacenado-en-camara-podemos-disfrutar-de-unas-semanas-mas-de-buenas-ventas-por-john-berden-de-blueberry-giant-sobre-la-temporada-alemana-de-arandanos-y-freshplaza\/#primaryimage"},"thumbnailUrl":"https:\/\/befve.com\/wp-content\/uploads\/2026\/05\/articles-Christian-Befve-scaled.jpg","inLanguage":"es"},{"@type":"WebPage","@id":"https:\/\/befve.com\/es\/gracias-al-producto-almacenado-en-camara-podemos-disfrutar-de-unas-semanas-mas-de-buenas-ventas-por-john-berden-de-blueberry-giant-sobre-la-temporada-alemana-de-arandanos-y-freshplaza\/","url":"https:\/\/befve.com\/es\/gracias-al-producto-almacenado-en-camara-podemos-disfrutar-de-unas-semanas-mas-de-buenas-ventas-por-john-berden-de-blueberry-giant-sobre-la-temporada-alemana-de-arandanos-y-freshplaza\/","name":"\"Gracias al producto almacenado en c\u00e1mara podemos disfrutar de unas semanas m\u00e1s de buenas ventas\" por John Berden, de Blueberry Giant, sobre la temporada alemana de ar\u00e1ndanos y FreshPlaza - Befve &amp; Co","isPartOf":{"@id":"https:\/\/befve.com\/es\/#website"},"primaryImageOfPage":{"@id":"https:\/\/befve.com\/es\/gracias-al-producto-almacenado-en-camara-podemos-disfrutar-de-unas-semanas-mas-de-buenas-ventas-por-john-berden-de-blueberry-giant-sobre-la-temporada-alemana-de-arandanos-y-freshplaza\/#primaryimage"},"image":{"@id":"https:\/\/befve.com\/es\/gracias-al-producto-almacenado-en-camara-podemos-disfrutar-de-unas-semanas-mas-de-buenas-ventas-por-john-berden-de-blueberry-giant-sobre-la-temporada-alemana-de-arandanos-y-freshplaza\/#primaryimage"},"thumbnailUrl":"https:\/\/befve.com\/wp-content\/uploads\/2026\/05\/articles-Christian-Befve-scaled.jpg","datePublished":"2026-09-01T13:54:38+00:00","dateModified":"2026-09-01T13:54:39+00:00","breadcrumb":{"@id":"https:\/\/befve.com\/es\/gracias-al-producto-almacenado-en-camara-podemos-disfrutar-de-unas-semanas-mas-de-buenas-ventas-por-john-berden-de-blueberry-giant-sobre-la-temporada-alemana-de-arandanos-y-freshplaza\/#breadcrumb"},"inLanguage":"es","potentialAction":[{"@type":"ReadAction","target":["https:\/\/befve.com\/es\/gracias-al-producto-almacenado-en-camara-podemos-disfrutar-de-unas-semanas-mas-de-buenas-ventas-por-john-berden-de-blueberry-giant-sobre-la-temporada-alemana-de-arandanos-y-freshplaza\/"]}]},{"@type":"ImageObject","inLanguage":"es","@id":"https:\/\/befve.com\/es\/gracias-al-producto-almacenado-en-camara-podemos-disfrutar-de-unas-semanas-mas-de-buenas-ventas-por-john-berden-de-blueberry-giant-sobre-la-temporada-alemana-de-arandanos-y-freshplaza\/#primaryimage","url":"https:\/\/befve.com\/wp-content\/uploads\/2026\/05\/articles-Christian-Befve-scaled.jpg","contentUrl":"https:\/\/befve.com\/wp-content\/uploads\/2026\/05\/articles-Christian-Befve-scaled.jpg","width":2560,"height":512},{"@type":"BreadcrumbList","@id":"https:\/\/befve.com\/es\/gracias-al-producto-almacenado-en-camara-podemos-disfrutar-de-unas-semanas-mas-de-buenas-ventas-por-john-berden-de-blueberry-giant-sobre-la-temporada-alemana-de-arandanos-y-freshplaza\/#breadcrumb","itemListElement":[{"@type":"ListItem","position":1,"name":"Accueil","item":"https:\/\/befve.com\/es\/"},{"@type":"ListItem","position":2,"name":"\u00abGracias al producto almacenado en c\u00e1mara podemos disfrutar de unas semanas m\u00e1s de buenas ventas\u00bb por John Berden, de Blueberry Giant, sobre la temporada alemana de ar\u00e1ndanos y FreshPlaza"}]},{"@type":"WebSite","@id":"https:\/\/befve.com\/es\/#website","url":"https:\/\/befve.com\/es\/","name":"Befve &Co","description":"Christian Befve expert &amp; consultant asperges","publisher":{"@id":"https:\/\/befve.com\/es\/#organization"},"potentialAction":[{"@type":"SearchAction","target":{"@type":"EntryPoint","urlTemplate":"https:\/\/befve.com\/es\/?s={search_term_string}"},"query-input":{"@type":"PropertyValueSpecification","valueRequired":true,"valueName":"search_term_string"}}],"inLanguage":"es"},{"@type":"Organization","@id":"https:\/\/befve.com\/es\/#organization","name":"Befve &Co","alternateName":"Befve &Co","url":"https:\/\/befve.com\/es\/","logo":{"@type":"ImageObject","inLanguage":"es","@id":"https:\/\/befve.com\/es\/#\/schema\/logo\/image\/","url":"https:\/\/befve.com\/wp-content\/uploads\/logo_green.svg","contentUrl":"https:\/\/befve.com\/wp-content\/uploads\/logo_green.svg","caption":"Befve &Co"},"image":{"@id":"https:\/\/befve.com\/es\/#\/schema\/logo\/image\/"}},{"@type":"Person","@id":"https:\/\/befve.com\/es\/#\/schema\/person\/ef49a1871aa7378da9d8d3cd2875d9b3","name":"Christian","image":{"@type":"ImageObject","inLanguage":"es","@id":"https:\/\/secure.gravatar.com\/avatar\/aed3b721e8892b7d9bfd8295ae750fe92318b00b510c39bdb269ef3aac0241cc?s=96&d=mm&r=g","url":"https:\/\/secure.gravatar.com\/avatar\/aed3b721e8892b7d9bfd8295ae750fe92318b00b510c39bdb269ef3aac0241cc?s=96&d=mm&r=g","contentUrl":"https:\/\/secure.gravatar.com\/avatar\/aed3b721e8892b7d9bfd8295ae750fe92318b00b510c39bdb269ef3aac0241cc?s=96&d=mm&r=g","caption":"Christian"},"url":"https:\/\/befve.com\/es\/author\/christian\/"}]}},"_links":{"self":[{"href":"https:\/\/befve.com\/es\/wp-json\/wp\/v2\/posts\/267739","targetHints":{"allow":["GET"]}}],"collection":[{"href":"https:\/\/befve.com\/es\/wp-json\/wp\/v2\/posts"}],"about":[{"href":"https:\/\/befve.com\/es\/wp-json\/wp\/v2\/types\/post"}],"author":[{"embeddable":true,"href":"https:\/\/befve.com\/es\/wp-json\/wp\/v2\/users\/7"}],"replies":[{"embeddable":true,"href":"https:\/\/befve.com\/es\/wp-json\/wp\/v2\/comments?post=267739"}],"version-history":[{"count":1,"href":"https:\/\/befve.com\/es\/wp-json\/wp\/v2\/posts\/267739\/revisions"}],"predecessor-version":[{"id":267740,"href":"https:\/\/befve.com\/es\/wp-json\/wp\/v2\/posts\/267739\/revisions\/267740"}],"wp:featuredmedia":[{"embeddable":true,"href":"https:\/\/befve.com\/es\/wp-json\/wp\/v2\/media\/266085"}],"wp:attachment":[{"href":"https:\/\/befve.com\/es\/wp-json\/wp\/v2\/media?parent=267739"}],"wp:term":[{"taxonomy":"category","embeddable":true,"href":"https:\/\/befve.com\/es\/wp-json\/wp\/v2\/categories?post=267739"},{"taxonomy":"post_tag","embeddable":true,"href":"https:\/\/befve.com\/es\/wp-json\/wp\/v2\/tags?post=267739"}],"curies":[{"name":"wp","href":"https:\/\/api.w.org\/{rel}","templated":true}]}}