{"id":267741,"date":"2026-09-01T13:58:14","date_gmt":"2026-09-01T13:58:14","guid":{"rendered":"https:\/\/befve.com\/?p=267741"},"modified":"2026-09-01T13:58:16","modified_gmt":"2026-09-01T13:58:16","slug":"la-combinacion-de-variedades-con-las-que-trabajamos-nos-permite-arrancar-la-campana-antes-y-alargarla-mas-por-daniel-portelo-de-the-summer-berry-company-portugal-esta-temporada-supera-a-las","status":"publish","type":"post","link":"https:\/\/befve.com\/es\/la-combinacion-de-variedades-con-las-que-trabajamos-nos-permite-arrancar-la-campana-antes-y-alargarla-mas-por-daniel-portelo-de-the-summer-berry-company-portugal-esta-temporada-supera-a-las\/","title":{"rendered":"\u00abLa combinaci\u00f3n de variedades con las que trabajamos nos permite arrancar la campa\u00f1a antes y alargarla m\u00e1s\u00bb por Daniel Portelo, de The Summer Berry Company (Portugal): \u00abEsta temporada supera a las anteriores\u00bb y FReshPlaza"},"content":{"rendered":"\n<p class=\"wp-block-paragraph\"><\/p>\n\n\n\n<p class=\"wp-block-paragraph\">Daniel Portelo, de The Summer Berry Company (Portugal): \u00abEsta temporada supera a las anteriores\u00bb<\/p>\n\n\n\n<h1 class=\"wp-block-heading\">\u00abLa combinaci\u00f3n de variedades con las que trabajamos nos permite arrancar la campa\u00f1a antes y alargarla m\u00e1s\u00bb<\/h1>\n\n\n\n<p class=\"wp-block-paragraph\">La campa\u00f1a portuguesa de frambuesa est\u00e1 siendo especialmente positiva este a\u00f1o, seg\u00fan Daniel Portelo, director general para Portugal y Marruecos de The Summer Berry Company (TSBC) Portugal: \u00abLa temporada de frambuesa va muy bien, con fruta de buena calidad y un rendimiento particularmente destacado de las variedades que cultivamos y sublicenciamos a nuestros productores asociados, Amalia Rossa y Malaika. A pesar de un invierno especialmente lluvioso, hemos aprovechado una primavera y un verano favorables, con buenos rendimientos y fruta de calidad constante. En general, la campa\u00f1a avanza de forma positiva, tanto en calidad de fruta como en resultados productivos\u00bb.<\/p>\n\n\n\n<p class=\"wp-block-paragraph\"><img decoding=\"async\" src=\"https:\/\/www.freshplaza.es\/remote\/https\/agfstorage.blob.core.windows.net\/misc\/FP_com\/2026\/08\/28\/TBSC1.jpg?preset=ContentFullSmall\" alt=\"\" class=\"\" srcset=\"https:\/\/www.freshplaza.es\/remote\/https\/agfstorage.blob.core.windows.net\/misc\/FP_com\/2026\/08\/28\/TBSC1.jpg?preset=ContentFullSmall 626w,https:\/\/www.freshplaza.es\/remote\/https\/agfstorage.blob.core.windows.net\/misc\/FP_com\/2026\/08\/28\/TBSC1.jpg?preset=ContentFullMedium 938w,https:\/\/www.freshplaza.es\/remote\/https\/agfstorage.blob.core.windows.net\/misc\/FP_com\/2026\/08\/28\/TBSC1.jpg?preset=ContentFullBig 1250w\"><em>Daniel Portelo.<\/em><\/p>\n\n\n\n<p class=\"wp-block-paragraph\">\u00abEsta temporada supera a las anteriores, con rendimientos por hect\u00e1rea aproximadamente un 12% m\u00e1s altos durante la primavera. La combinaci\u00f3n de variedades con las que trabajamos nos permite arrancar la campa\u00f1a antes y alargarla m\u00e1s, lo que nos ayuda a maximizar el potencial productivo de cada variedad y a mantener un suministro m\u00e1s regular\u00bb, contin\u00faa Portelo. \u00abAdem\u00e1s de nuestra propia producci\u00f3n, hemos crecido de forma significativa a trav\u00e9s de nuestra red de productores asociados. Trabajamos con un n\u00famero creciente de productores y con una superficie cada vez mayor dedicada a nuestras variedades, lo que refleja los beneficios claros que ellos mismos perciben al cultivarlas. Al combinar la calidad, la consistencia y el volumen que podemos ofrecer, nuestros productores asociados acceden a mercados que de otro modo ser\u00edan mucho m\u00e1s dif\u00edciles de alcanzar en condiciones normales de mercado. Esto nos permite reforzar nuestro suministro global y, al mismo tiempo, generar nuevas oportunidades para los productores con los que colaboramos\u00bb.<\/p>\n\n\n\n<p class=\"wp-block-paragraph\"><strong>Gesti\u00f3n del agua y capacidad de almacenamiento<\/strong><br>Seg\u00fan Portelo, TSBC Portugal innova de forma continua para maximizar el rendimiento de sus plantas y reforzar la resiliencia de su producci\u00f3n de frambuesa: \u00abEn los \u00faltimos a\u00f1os hemos realizado inversiones importantes en resiliencia h\u00eddrica y almacenamiento de agua, lo que nos ha permitido reducir nuestra exposici\u00f3n a la sequ\u00eda y mejorar nuestra capacidad de gestionar la disponibilidad de agua en los per\u00edodos de mayor demanda. Esto ha tenido un impacto muy positivo: en 2025, nuestra explotaci\u00f3n portuguesa alcanz\u00f3 una eficiencia h\u00eddrica superior al 60%. M\u00e1s de seis de cada diez litros utilizados en nuestras fincas proceden ahora del agua de lluvia\u00bb.<\/p>\n\n\n\n<figure class=\"wp-block-image\"><img decoding=\"async\" src=\"https:\/\/www.freshplaza.es\/remote\/https\/agfstorage.blob.core.windows.net\/misc\/FP_com\/2026\/08\/28\/TBSC2.jpg?preset=ContentFullSmall\" alt=\"\"\/><\/figure>\n\n\n\n<p class=\"wp-block-paragraph\">\u00abAl aumentar nuestra capacidad de almacenamiento de agua, podemos aprovecharla mejor cuando est\u00e1 disponible en invierno y reservarla para el verano, especialmente durante los per\u00edodos de calor extremo. Esto nos da mayor flexibilidad para regar y aplicar refrigeraci\u00f3n por aspersi\u00f3n cuando es necesario, lo que nos ayuda a mantener las condiciones \u00f3ptimas para la calidad de la fruta, la salud de las plantas y la productividad. Esta inversi\u00f3n es una parte fundamental de nuestra estrategia a largo plazo para construir una producci\u00f3n de frambuesa m\u00e1s resiliente y eficiente en el uso del agua\u00bb.<\/p>\n\n\n\n<p class=\"wp-block-paragraph\"><strong>El alojamiento para los trabajadores, un gran desaf\u00edo<\/strong><br>TSBC Portugal suministra frambuesas a la mayor parte del mercado europeo, siendo Espa\u00f1a, Francia, Alemania y el Reino Unido sus principales destinos, explica Portelo. \u00abTambi\u00e9n trabajamos con variedades seleccionadas por su excelente vida \u00fatil y capacidad de transporte, lo que nos permite llegar a mercados m\u00e1s lejanos manteniendo la calidad, la frescura y la experiencia de consumo de la fruta. Uno de los grandes retos a los que nos enfrentamos en la regi\u00f3n de Odemira es la disponibilidad de alojamiento para los trabajadores. El sector agr\u00edcola ha crecido a gran velocidad en los \u00faltimos a\u00f1os, generando empleo y atrayendo personas a la regi\u00f3n, pero la oferta de vivienda no ha seguido el mismo ritmo. Esto ha ejercido una presi\u00f3n considerable sobre el mercado local de la vivienda y ha dificultado cada vez m\u00e1s que los trabajadores encuentren un alojamiento adecuado\u00bb.<\/p>\n\n\n\n<figure class=\"wp-block-image\"><img decoding=\"async\" src=\"https:\/\/www.freshplaza.es\/remote\/https\/agfstorage.blob.core.windows.net\/misc\/FP_com\/2026\/08\/28\/TBSC3.jpg?preset=ContentFullSmall\" alt=\"\"\/><\/figure>\n\n\n\n<p class=\"wp-block-paragraph\">Portelo considera que las empresas tienen la responsabilidad de contribuir a resolver este problema: \u00abComo parte de nuestra planificaci\u00f3n de inversiones, tenemos en cuenta las necesidades de alojamiento de nuestra plantilla y hemos desarrollado nuestras propias instalaciones de alojamiento temporal. Actualmente tenemos capacidad para alojar a hasta 540 trabajadores que lo necesiten. Esto nos permite ofrecer a nuestros empleados unas condiciones de vida adecuadas y, al mismo tiempo, contribuir a aliviar parte de la presi\u00f3n que sufre el mercado local de la vivienda. Para nosotros, proporcionar un alojamiento digno no es solo una necesidad pr\u00e1ctica; es tambi\u00e9n una parte importante de nuestro compromiso con una actividad agr\u00edcola responsable y sostenible, y con mantener una plantilla estable y comprometida en la regi\u00f3n\u00bb.<\/p>\n\n\n\n<p class=\"wp-block-paragraph\"><strong>Una Lighthouse Farm<\/strong><br>TSBC Portugal est\u00e1 reconocida como Lighthouse Farm en Portugal, un reconocimiento que Portelo destaca como un gran honor para la empresa: \u00abUna Lighthouse Farm es una explotaci\u00f3n pionera que prueba y demuestra pr\u00e1cticas innovadoras y adaptadas al clima, compartiendo su experiencia para inspirar y apoyar a otros agricultores en la construcci\u00f3n de sistemas agr\u00edcolas m\u00e1s resilientes y sostenibles. Para TSBC Portugal, ser reconocida como Lighthouse Farm es un gran honor y una oportunidad no solo para mostrar el trabajo que estamos realizando, sino tambi\u00e9n para formar parte de una red m\u00e1s amplia de aprendizaje e intercambio de conocimiento. Nos permite compartir experiencias con productores, investigadores, consultores y otras organizaciones que trabajan para avanzar hacia una agricultura m\u00e1s resiliente y respetuosa con la naturaleza\u00bb.<\/p>\n\n\n\n<p class=\"wp-block-paragraph\">\u00abEste a\u00f1o hemos recibido la visita de profesionales del sector agr\u00edcola procedentes de siete pa\u00edses distintos, entre ellos responsables de equipos, investigadores y asesores, para debatir sobre temas como la biodiversidad, la gesti\u00f3n del agua y c\u00f3mo integrar mejor la producci\u00f3n comercial de <em>berries<\/em> en el paisaje\u00bb, a\u00f1ade Portelo. \u00abEstas visitas han sido una oportunidad muy valiosa para compartir nuestro propio recorrido, incluido nuestro trabajo en eficiencia h\u00eddrica, creaci\u00f3n de h\u00e1bitats y restauraci\u00f3n ecol\u00f3gica, al tiempo que aprendemos de las experiencias y planteamientos de otros\u00bb.<\/p>\n\n\n\n<figure class=\"wp-block-image\"><img decoding=\"async\" src=\"https:\/\/www.freshplaza.es\/remote\/https\/agfstorage.blob.core.windows.net\/misc\/FP_com\/2026\/08\/28\/TBSC4.jpg?preset=ContentFullSmall\" alt=\"\"\/><\/figure>\n\n\n\n<p class=\"wp-block-paragraph\">\u00abCreemos que el camino que estamos siguiendo, trabajar con el entorno que nos rodea e integrarnos en \u00e9l, es el correcto. Al captar y almacenar agua durante el invierno para utilizarla en verano, y al aumentar el n\u00famero de \u00e1rboles y plantas en torno a nuestras zonas de producci\u00f3n y dentro de ellas, estamos creando un microclima y un entorno m\u00e1s saludables que pueden beneficiar tanto a nuestros cultivos como al paisaje circundante y a la comunidad local. Estamos orgullosos del camino que estamos construyendo y de nuestra ambici\u00f3n de combinar una agricultura productiva y viable comercialmente con la responsabilidad medioambiental y un impacto positivo en las comunidades que nos rodean\u00bb, concluye Portelo.<\/p>\n\n\n\n<p class=\"wp-block-paragraph\">Para m\u00e1s informaci\u00f3n:<br>Daniel Portelo<br><strong>The Summer Berry Company<\/strong><br>Tel.: +351 283 030 530<br><a href=\"mailto:communication@summerberry.pt?subject=Response to FreshPlaza.com article\" target=\"_blank\" rel=\"noopener\">communication@summerberry.pt<\/a><br><a href=\"https:\/\/summerberry.co.uk\/\" target=\"_blank\" rel=\"noopener\">https:\/\/summerberry.co.uk\/<\/a><\/p>\n","protected":false},"excerpt":{"rendered":"<p>Daniel Portelo, de The Summer Berry Company (Portugal): \u00abEsta temporada supera a las anteriores\u00bb \u00abLa combinaci\u00f3n de variedades con las que trabajamos nos permite arrancar la campa\u00f1a antes y alargarla m\u00e1s\u00bb La campa\u00f1a portuguesa de frambuesa est\u00e1 siendo especialmente positiva este a\u00f1o, seg\u00fan Daniel Portelo, director general para Portugal y Marruecos de The Summer Berry [&hellip;]<\/p>\n","protected":false},"author":7,"featured_media":266085,"comment_status":"closed","ping_status":"closed","sticky":false,"template":"","format":"standard","meta":{"_acf_changed":false,"iawp_total_views":0,"footnotes":""},"categories":[23],"tags":[],"class_list":["post-267741","post","type-post","status-publish","format-standard","has-post-thumbnail","hentry","category-sin-categoria"],"acf":[],"featured_image_url":{"thumbnail":"https:\/\/befve.com\/wp-content\/uploads\/2026\/05\/articles-Christian-Befve-150x150.jpg","medium":"https:\/\/befve.com\/wp-content\/uploads\/2026\/05\/articles-Christian-Befve-300x60.jpg","medium_large":"https:\/\/befve.com\/wp-content\/uploads\/2026\/05\/articles-Christian-Befve-768x154.jpg","large":"https:\/\/befve.com\/wp-content\/uploads\/2026\/05\/articles-Christian-Befve-1024x205.jpg","1536x1536":"https:\/\/befve.com\/wp-content\/uploads\/2026\/05\/articles-Christian-Befve-1536x307.jpg","2048x2048":"https:\/\/befve.com\/wp-content\/uploads\/2026\/05\/articles-Christian-Befve-2048x410.jpg"},"post_author":"Christian","assigned_categories":"Sin categor\u00eda","yoast_head":"<!-- This site is optimized with the Yoast SEO plugin v28.4 - https:\/\/yoast.com\/product\/yoast-seo-wordpress\/ -->\n<title>&quot;La combinaci\u00f3n de variedades con las que trabajamos nos permite arrancar la campa\u00f1a antes y alargarla m\u00e1s&quot; por Daniel Portelo, de The Summer Berry Company (Portugal): &quot;Esta temporada supera a las anteriores&quot; y FReshPlaza - Befve &amp; Co<\/title>\n<meta name=\"robots\" content=\"index, follow, max-snippet:-1, max-image-preview:large, max-video-preview:-1\" \/>\n<link rel=\"canonical\" href=\"https:\/\/befve.com\/es\/la-combinacion-de-variedades-con-las-que-trabajamos-nos-permite-arrancar-la-campana-antes-y-alargarla-mas-por-daniel-portelo-de-the-summer-berry-company-portugal-esta-temporada-supera-a-las\/\" \/>\n<meta property=\"og:locale\" content=\"es_ES\" \/>\n<meta property=\"og:type\" content=\"article\" \/>\n<meta property=\"og:title\" content=\"&quot;La combinaci\u00f3n de variedades con las que trabajamos nos permite arrancar la campa\u00f1a antes y alargarla m\u00e1s&quot; por Daniel Portelo, de The Summer Berry Company (Portugal): &quot;Esta temporada supera a las anteriores&quot; y FReshPlaza - Befve &amp; Co\" \/>\n<meta property=\"og:description\" content=\"Daniel Portelo, de The Summer Berry Company (Portugal): \u00abEsta temporada supera a las anteriores\u00bb \u00abLa combinaci\u00f3n de variedades con las que trabajamos nos permite arrancar la campa\u00f1a antes y alargarla m\u00e1s\u00bb La campa\u00f1a portuguesa de frambuesa est\u00e1 siendo especialmente positiva este a\u00f1o, seg\u00fan Daniel Portelo, director general para Portugal y Marruecos de The Summer Berry [&hellip;]\" \/>\n<meta property=\"og:url\" content=\"https:\/\/befve.com\/es\/la-combinacion-de-variedades-con-las-que-trabajamos-nos-permite-arrancar-la-campana-antes-y-alargarla-mas-por-daniel-portelo-de-the-summer-berry-company-portugal-esta-temporada-supera-a-las\/\" \/>\n<meta property=\"og:site_name\" content=\"Befve &amp; Co\" \/>\n<meta property=\"article:published_time\" content=\"2026-09-01T13:58:14+00:00\" \/>\n<meta property=\"article:modified_time\" content=\"2026-09-01T13:58:16+00:00\" \/>\n<meta property=\"og:image\" content=\"https:\/\/befve.com\/wp-content\/uploads\/2026\/05\/articles-Christian-Befve-scaled.jpg\" \/>\n\t<meta property=\"og:image:width\" content=\"2560\" \/>\n\t<meta property=\"og:image:height\" content=\"512\" \/>\n\t<meta property=\"og:image:type\" content=\"image\/jpeg\" \/>\n<meta name=\"author\" content=\"Christian\" \/>\n<meta name=\"twitter:card\" content=\"summary_large_image\" \/>\n<meta name=\"twitter:label1\" content=\"Escrito por\" \/>\n\t<meta name=\"twitter:data1\" content=\"Christian\" \/>\n\t<meta name=\"twitter:label2\" content=\"Tiempo de lectura\" \/>\n\t<meta name=\"twitter:data2\" content=\"7 minutos\" \/>\n<script type=\"application\/ld+json\" class=\"yoast-schema-graph\">{\"@context\":\"https:\\\/\\\/schema.org\",\"@graph\":[{\"@type\":\"Article\",\"@id\":\"https:\\\/\\\/befve.com\\\/es\\\/la-combinacion-de-variedades-con-las-que-trabajamos-nos-permite-arrancar-la-campana-antes-y-alargarla-mas-por-daniel-portelo-de-the-summer-berry-company-portugal-esta-temporada-supera-a-las\\\/#article\",\"isPartOf\":{\"@id\":\"https:\\\/\\\/befve.com\\\/es\\\/la-combinacion-de-variedades-con-las-que-trabajamos-nos-permite-arrancar-la-campana-antes-y-alargarla-mas-por-daniel-portelo-de-the-summer-berry-company-portugal-esta-temporada-supera-a-las\\\/\"},\"author\":{\"name\":\"Christian\",\"@id\":\"https:\\\/\\\/befve.com\\\/es\\\/#\\\/schema\\\/person\\\/ef49a1871aa7378da9d8d3cd2875d9b3\"},\"headline\":\"\u00abLa combinaci\u00f3n de variedades con las que trabajamos nos permite arrancar la campa\u00f1a antes y alargarla m\u00e1s\u00bb por Daniel Portelo, de The Summer Berry Company (Portugal): \u00abEsta temporada supera a las anteriores\u00bb y FReshPlaza\",\"datePublished\":\"2026-09-01T13:58:14+00:00\",\"dateModified\":\"2026-09-01T13:58:16+00:00\",\"mainEntityOfPage\":{\"@id\":\"https:\\\/\\\/befve.com\\\/es\\\/la-combinacion-de-variedades-con-las-que-trabajamos-nos-permite-arrancar-la-campana-antes-y-alargarla-mas-por-daniel-portelo-de-the-summer-berry-company-portugal-esta-temporada-supera-a-las\\\/\"},\"wordCount\":1215,\"publisher\":{\"@id\":\"https:\\\/\\\/befve.com\\\/es\\\/#organization\"},\"image\":{\"@id\":\"https:\\\/\\\/befve.com\\\/es\\\/la-combinacion-de-variedades-con-las-que-trabajamos-nos-permite-arrancar-la-campana-antes-y-alargarla-mas-por-daniel-portelo-de-the-summer-berry-company-portugal-esta-temporada-supera-a-las\\\/#primaryimage\"},\"thumbnailUrl\":\"https:\\\/\\\/befve.com\\\/wp-content\\\/uploads\\\/2026\\\/05\\\/articles-Christian-Befve-scaled.jpg\",\"inLanguage\":\"es\"},{\"@type\":\"WebPage\",\"@id\":\"https:\\\/\\\/befve.com\\\/es\\\/la-combinacion-de-variedades-con-las-que-trabajamos-nos-permite-arrancar-la-campana-antes-y-alargarla-mas-por-daniel-portelo-de-the-summer-berry-company-portugal-esta-temporada-supera-a-las\\\/\",\"url\":\"https:\\\/\\\/befve.com\\\/es\\\/la-combinacion-de-variedades-con-las-que-trabajamos-nos-permite-arrancar-la-campana-antes-y-alargarla-mas-por-daniel-portelo-de-the-summer-berry-company-portugal-esta-temporada-supera-a-las\\\/\",\"name\":\"\\\"La combinaci\u00f3n de variedades con las que trabajamos nos permite arrancar la campa\u00f1a antes y alargarla m\u00e1s\\\" por Daniel Portelo, de The Summer Berry Company (Portugal): \\\"Esta temporada supera a las anteriores\\\" y FReshPlaza - Befve &amp; Co\",\"isPartOf\":{\"@id\":\"https:\\\/\\\/befve.com\\\/es\\\/#website\"},\"primaryImageOfPage\":{\"@id\":\"https:\\\/\\\/befve.com\\\/es\\\/la-combinacion-de-variedades-con-las-que-trabajamos-nos-permite-arrancar-la-campana-antes-y-alargarla-mas-por-daniel-portelo-de-the-summer-berry-company-portugal-esta-temporada-supera-a-las\\\/#primaryimage\"},\"image\":{\"@id\":\"https:\\\/\\\/befve.com\\\/es\\\/la-combinacion-de-variedades-con-las-que-trabajamos-nos-permite-arrancar-la-campana-antes-y-alargarla-mas-por-daniel-portelo-de-the-summer-berry-company-portugal-esta-temporada-supera-a-las\\\/#primaryimage\"},\"thumbnailUrl\":\"https:\\\/\\\/befve.com\\\/wp-content\\\/uploads\\\/2026\\\/05\\\/articles-Christian-Befve-scaled.jpg\",\"datePublished\":\"2026-09-01T13:58:14+00:00\",\"dateModified\":\"2026-09-01T13:58:16+00:00\",\"breadcrumb\":{\"@id\":\"https:\\\/\\\/befve.com\\\/es\\\/la-combinacion-de-variedades-con-las-que-trabajamos-nos-permite-arrancar-la-campana-antes-y-alargarla-mas-por-daniel-portelo-de-the-summer-berry-company-portugal-esta-temporada-supera-a-las\\\/#breadcrumb\"},\"inLanguage\":\"es\",\"potentialAction\":[{\"@type\":\"ReadAction\",\"target\":[\"https:\\\/\\\/befve.com\\\/es\\\/la-combinacion-de-variedades-con-las-que-trabajamos-nos-permite-arrancar-la-campana-antes-y-alargarla-mas-por-daniel-portelo-de-the-summer-berry-company-portugal-esta-temporada-supera-a-las\\\/\"]}]},{\"@type\":\"ImageObject\",\"inLanguage\":\"es\",\"@id\":\"https:\\\/\\\/befve.com\\\/es\\\/la-combinacion-de-variedades-con-las-que-trabajamos-nos-permite-arrancar-la-campana-antes-y-alargarla-mas-por-daniel-portelo-de-the-summer-berry-company-portugal-esta-temporada-supera-a-las\\\/#primaryimage\",\"url\":\"https:\\\/\\\/befve.com\\\/wp-content\\\/uploads\\\/2026\\\/05\\\/articles-Christian-Befve-scaled.jpg\",\"contentUrl\":\"https:\\\/\\\/befve.com\\\/wp-content\\\/uploads\\\/2026\\\/05\\\/articles-Christian-Befve-scaled.jpg\",\"width\":2560,\"height\":512},{\"@type\":\"BreadcrumbList\",\"@id\":\"https:\\\/\\\/befve.com\\\/es\\\/la-combinacion-de-variedades-con-las-que-trabajamos-nos-permite-arrancar-la-campana-antes-y-alargarla-mas-por-daniel-portelo-de-the-summer-berry-company-portugal-esta-temporada-supera-a-las\\\/#breadcrumb\",\"itemListElement\":[{\"@type\":\"ListItem\",\"position\":1,\"name\":\"Accueil\",\"item\":\"https:\\\/\\\/befve.com\\\/es\\\/\"},{\"@type\":\"ListItem\",\"position\":2,\"name\":\"\u00abLa combinaci\u00f3n de variedades con las que trabajamos nos permite arrancar la campa\u00f1a antes y alargarla m\u00e1s\u00bb por Daniel Portelo, de The Summer Berry Company (Portugal): \u00abEsta temporada supera a las anteriores\u00bb y FReshPlaza\"}]},{\"@type\":\"WebSite\",\"@id\":\"https:\\\/\\\/befve.com\\\/es\\\/#website\",\"url\":\"https:\\\/\\\/befve.com\\\/es\\\/\",\"name\":\"Befve &Co\",\"description\":\"Christian Befve expert &amp; consultant asperges\",\"publisher\":{\"@id\":\"https:\\\/\\\/befve.com\\\/es\\\/#organization\"},\"potentialAction\":[{\"@type\":\"SearchAction\",\"target\":{\"@type\":\"EntryPoint\",\"urlTemplate\":\"https:\\\/\\\/befve.com\\\/es\\\/?s={search_term_string}\"},\"query-input\":{\"@type\":\"PropertyValueSpecification\",\"valueRequired\":true,\"valueName\":\"search_term_string\"}}],\"inLanguage\":\"es\"},{\"@type\":\"Organization\",\"@id\":\"https:\\\/\\\/befve.com\\\/es\\\/#organization\",\"name\":\"Befve &Co\",\"alternateName\":\"Befve &Co\",\"url\":\"https:\\\/\\\/befve.com\\\/es\\\/\",\"logo\":{\"@type\":\"ImageObject\",\"inLanguage\":\"es\",\"@id\":\"https:\\\/\\\/befve.com\\\/es\\\/#\\\/schema\\\/logo\\\/image\\\/\",\"url\":\"https:\\\/\\\/befve.com\\\/wp-content\\\/uploads\\\/logo_green.svg\",\"contentUrl\":\"https:\\\/\\\/befve.com\\\/wp-content\\\/uploads\\\/logo_green.svg\",\"caption\":\"Befve &Co\"},\"image\":{\"@id\":\"https:\\\/\\\/befve.com\\\/es\\\/#\\\/schema\\\/logo\\\/image\\\/\"}},{\"@type\":\"Person\",\"@id\":\"https:\\\/\\\/befve.com\\\/es\\\/#\\\/schema\\\/person\\\/ef49a1871aa7378da9d8d3cd2875d9b3\",\"name\":\"Christian\",\"image\":{\"@type\":\"ImageObject\",\"inLanguage\":\"es\",\"@id\":\"https:\\\/\\\/secure.gravatar.com\\\/avatar\\\/aed3b721e8892b7d9bfd8295ae750fe92318b00b510c39bdb269ef3aac0241cc?s=96&d=mm&r=g\",\"url\":\"https:\\\/\\\/secure.gravatar.com\\\/avatar\\\/aed3b721e8892b7d9bfd8295ae750fe92318b00b510c39bdb269ef3aac0241cc?s=96&d=mm&r=g\",\"contentUrl\":\"https:\\\/\\\/secure.gravatar.com\\\/avatar\\\/aed3b721e8892b7d9bfd8295ae750fe92318b00b510c39bdb269ef3aac0241cc?s=96&d=mm&r=g\",\"caption\":\"Christian\"},\"url\":\"https:\\\/\\\/befve.com\\\/es\\\/author\\\/christian\\\/\"}]}<\/script>\n<!-- \/ Yoast SEO plugin. -->","yoast_head_json":{"title":"\"La combinaci\u00f3n de variedades con las que trabajamos nos permite arrancar la campa\u00f1a antes y alargarla m\u00e1s\" por Daniel Portelo, de The Summer Berry Company (Portugal): \"Esta temporada supera a las anteriores\" y FReshPlaza - Befve &amp; Co","robots":{"index":"index","follow":"follow","max-snippet":"max-snippet:-1","max-image-preview":"max-image-preview:large","max-video-preview":"max-video-preview:-1"},"canonical":"https:\/\/befve.com\/es\/la-combinacion-de-variedades-con-las-que-trabajamos-nos-permite-arrancar-la-campana-antes-y-alargarla-mas-por-daniel-portelo-de-the-summer-berry-company-portugal-esta-temporada-supera-a-las\/","og_locale":"es_ES","og_type":"article","og_title":"\"La combinaci\u00f3n de variedades con las que trabajamos nos permite arrancar la campa\u00f1a antes y alargarla m\u00e1s\" por Daniel Portelo, de The Summer Berry Company (Portugal): \"Esta temporada supera a las anteriores\" y FReshPlaza - Befve &amp; Co","og_description":"Daniel Portelo, de The Summer Berry Company (Portugal): \u00abEsta temporada supera a las anteriores\u00bb \u00abLa combinaci\u00f3n de variedades con las que trabajamos nos permite arrancar la campa\u00f1a antes y alargarla m\u00e1s\u00bb La campa\u00f1a portuguesa de frambuesa est\u00e1 siendo especialmente positiva este a\u00f1o, seg\u00fan Daniel Portelo, director general para Portugal y Marruecos de The Summer Berry [&hellip;]","og_url":"https:\/\/befve.com\/es\/la-combinacion-de-variedades-con-las-que-trabajamos-nos-permite-arrancar-la-campana-antes-y-alargarla-mas-por-daniel-portelo-de-the-summer-berry-company-portugal-esta-temporada-supera-a-las\/","og_site_name":"Befve &amp; Co","article_published_time":"2026-09-01T13:58:14+00:00","article_modified_time":"2026-09-01T13:58:16+00:00","og_image":[{"width":2560,"height":512,"url":"https:\/\/befve.com\/wp-content\/uploads\/2026\/05\/articles-Christian-Befve-scaled.jpg","type":"image\/jpeg"}],"author":"Christian","twitter_card":"summary_large_image","twitter_misc":{"Escrito por":"Christian","Tiempo de lectura":"7 minutos"},"schema":{"@context":"https:\/\/schema.org","@graph":[{"@type":"Article","@id":"https:\/\/befve.com\/es\/la-combinacion-de-variedades-con-las-que-trabajamos-nos-permite-arrancar-la-campana-antes-y-alargarla-mas-por-daniel-portelo-de-the-summer-berry-company-portugal-esta-temporada-supera-a-las\/#article","isPartOf":{"@id":"https:\/\/befve.com\/es\/la-combinacion-de-variedades-con-las-que-trabajamos-nos-permite-arrancar-la-campana-antes-y-alargarla-mas-por-daniel-portelo-de-the-summer-berry-company-portugal-esta-temporada-supera-a-las\/"},"author":{"name":"Christian","@id":"https:\/\/befve.com\/es\/#\/schema\/person\/ef49a1871aa7378da9d8d3cd2875d9b3"},"headline":"\u00abLa combinaci\u00f3n de variedades con las que trabajamos nos permite arrancar la campa\u00f1a antes y alargarla m\u00e1s\u00bb por Daniel Portelo, de The Summer Berry Company (Portugal): \u00abEsta temporada supera a las anteriores\u00bb y FReshPlaza","datePublished":"2026-09-01T13:58:14+00:00","dateModified":"2026-09-01T13:58:16+00:00","mainEntityOfPage":{"@id":"https:\/\/befve.com\/es\/la-combinacion-de-variedades-con-las-que-trabajamos-nos-permite-arrancar-la-campana-antes-y-alargarla-mas-por-daniel-portelo-de-the-summer-berry-company-portugal-esta-temporada-supera-a-las\/"},"wordCount":1215,"publisher":{"@id":"https:\/\/befve.com\/es\/#organization"},"image":{"@id":"https:\/\/befve.com\/es\/la-combinacion-de-variedades-con-las-que-trabajamos-nos-permite-arrancar-la-campana-antes-y-alargarla-mas-por-daniel-portelo-de-the-summer-berry-company-portugal-esta-temporada-supera-a-las\/#primaryimage"},"thumbnailUrl":"https:\/\/befve.com\/wp-content\/uploads\/2026\/05\/articles-Christian-Befve-scaled.jpg","inLanguage":"es"},{"@type":"WebPage","@id":"https:\/\/befve.com\/es\/la-combinacion-de-variedades-con-las-que-trabajamos-nos-permite-arrancar-la-campana-antes-y-alargarla-mas-por-daniel-portelo-de-the-summer-berry-company-portugal-esta-temporada-supera-a-las\/","url":"https:\/\/befve.com\/es\/la-combinacion-de-variedades-con-las-que-trabajamos-nos-permite-arrancar-la-campana-antes-y-alargarla-mas-por-daniel-portelo-de-the-summer-berry-company-portugal-esta-temporada-supera-a-las\/","name":"\"La combinaci\u00f3n de variedades con las que trabajamos nos permite arrancar la campa\u00f1a antes y alargarla m\u00e1s\" por Daniel Portelo, de The Summer Berry Company (Portugal): \"Esta temporada supera a las anteriores\" y FReshPlaza - Befve &amp; Co","isPartOf":{"@id":"https:\/\/befve.com\/es\/#website"},"primaryImageOfPage":{"@id":"https:\/\/befve.com\/es\/la-combinacion-de-variedades-con-las-que-trabajamos-nos-permite-arrancar-la-campana-antes-y-alargarla-mas-por-daniel-portelo-de-the-summer-berry-company-portugal-esta-temporada-supera-a-las\/#primaryimage"},"image":{"@id":"https:\/\/befve.com\/es\/la-combinacion-de-variedades-con-las-que-trabajamos-nos-permite-arrancar-la-campana-antes-y-alargarla-mas-por-daniel-portelo-de-the-summer-berry-company-portugal-esta-temporada-supera-a-las\/#primaryimage"},"thumbnailUrl":"https:\/\/befve.com\/wp-content\/uploads\/2026\/05\/articles-Christian-Befve-scaled.jpg","datePublished":"2026-09-01T13:58:14+00:00","dateModified":"2026-09-01T13:58:16+00:00","breadcrumb":{"@id":"https:\/\/befve.com\/es\/la-combinacion-de-variedades-con-las-que-trabajamos-nos-permite-arrancar-la-campana-antes-y-alargarla-mas-por-daniel-portelo-de-the-summer-berry-company-portugal-esta-temporada-supera-a-las\/#breadcrumb"},"inLanguage":"es","potentialAction":[{"@type":"ReadAction","target":["https:\/\/befve.com\/es\/la-combinacion-de-variedades-con-las-que-trabajamos-nos-permite-arrancar-la-campana-antes-y-alargarla-mas-por-daniel-portelo-de-the-summer-berry-company-portugal-esta-temporada-supera-a-las\/"]}]},{"@type":"ImageObject","inLanguage":"es","@id":"https:\/\/befve.com\/es\/la-combinacion-de-variedades-con-las-que-trabajamos-nos-permite-arrancar-la-campana-antes-y-alargarla-mas-por-daniel-portelo-de-the-summer-berry-company-portugal-esta-temporada-supera-a-las\/#primaryimage","url":"https:\/\/befve.com\/wp-content\/uploads\/2026\/05\/articles-Christian-Befve-scaled.jpg","contentUrl":"https:\/\/befve.com\/wp-content\/uploads\/2026\/05\/articles-Christian-Befve-scaled.jpg","width":2560,"height":512},{"@type":"BreadcrumbList","@id":"https:\/\/befve.com\/es\/la-combinacion-de-variedades-con-las-que-trabajamos-nos-permite-arrancar-la-campana-antes-y-alargarla-mas-por-daniel-portelo-de-the-summer-berry-company-portugal-esta-temporada-supera-a-las\/#breadcrumb","itemListElement":[{"@type":"ListItem","position":1,"name":"Accueil","item":"https:\/\/befve.com\/es\/"},{"@type":"ListItem","position":2,"name":"\u00abLa combinaci\u00f3n de variedades con las que trabajamos nos permite arrancar la campa\u00f1a antes y alargarla m\u00e1s\u00bb por Daniel Portelo, de The Summer Berry Company (Portugal): \u00abEsta temporada supera a las anteriores\u00bb y FReshPlaza"}]},{"@type":"WebSite","@id":"https:\/\/befve.com\/es\/#website","url":"https:\/\/befve.com\/es\/","name":"Befve &Co","description":"Christian Befve expert &amp; consultant asperges","publisher":{"@id":"https:\/\/befve.com\/es\/#organization"},"potentialAction":[{"@type":"SearchAction","target":{"@type":"EntryPoint","urlTemplate":"https:\/\/befve.com\/es\/?s={search_term_string}"},"query-input":{"@type":"PropertyValueSpecification","valueRequired":true,"valueName":"search_term_string"}}],"inLanguage":"es"},{"@type":"Organization","@id":"https:\/\/befve.com\/es\/#organization","name":"Befve &Co","alternateName":"Befve &Co","url":"https:\/\/befve.com\/es\/","logo":{"@type":"ImageObject","inLanguage":"es","@id":"https:\/\/befve.com\/es\/#\/schema\/logo\/image\/","url":"https:\/\/befve.com\/wp-content\/uploads\/logo_green.svg","contentUrl":"https:\/\/befve.com\/wp-content\/uploads\/logo_green.svg","caption":"Befve &Co"},"image":{"@id":"https:\/\/befve.com\/es\/#\/schema\/logo\/image\/"}},{"@type":"Person","@id":"https:\/\/befve.com\/es\/#\/schema\/person\/ef49a1871aa7378da9d8d3cd2875d9b3","name":"Christian","image":{"@type":"ImageObject","inLanguage":"es","@id":"https:\/\/secure.gravatar.com\/avatar\/aed3b721e8892b7d9bfd8295ae750fe92318b00b510c39bdb269ef3aac0241cc?s=96&d=mm&r=g","url":"https:\/\/secure.gravatar.com\/avatar\/aed3b721e8892b7d9bfd8295ae750fe92318b00b510c39bdb269ef3aac0241cc?s=96&d=mm&r=g","contentUrl":"https:\/\/secure.gravatar.com\/avatar\/aed3b721e8892b7d9bfd8295ae750fe92318b00b510c39bdb269ef3aac0241cc?s=96&d=mm&r=g","caption":"Christian"},"url":"https:\/\/befve.com\/es\/author\/christian\/"}]}},"_links":{"self":[{"href":"https:\/\/befve.com\/es\/wp-json\/wp\/v2\/posts\/267741","targetHints":{"allow":["GET"]}}],"collection":[{"href":"https:\/\/befve.com\/es\/wp-json\/wp\/v2\/posts"}],"about":[{"href":"https:\/\/befve.com\/es\/wp-json\/wp\/v2\/types\/post"}],"author":[{"embeddable":true,"href":"https:\/\/befve.com\/es\/wp-json\/wp\/v2\/users\/7"}],"replies":[{"embeddable":true,"href":"https:\/\/befve.com\/es\/wp-json\/wp\/v2\/comments?post=267741"}],"version-history":[{"count":1,"href":"https:\/\/befve.com\/es\/wp-json\/wp\/v2\/posts\/267741\/revisions"}],"predecessor-version":[{"id":267742,"href":"https:\/\/befve.com\/es\/wp-json\/wp\/v2\/posts\/267741\/revisions\/267742"}],"wp:featuredmedia":[{"embeddable":true,"href":"https:\/\/befve.com\/es\/wp-json\/wp\/v2\/media\/266085"}],"wp:attachment":[{"href":"https:\/\/befve.com\/es\/wp-json\/wp\/v2\/media?parent=267741"}],"wp:term":[{"taxonomy":"category","embeddable":true,"href":"https:\/\/befve.com\/es\/wp-json\/wp\/v2\/categories?post=267741"},{"taxonomy":"post_tag","embeddable":true,"href":"https:\/\/befve.com\/es\/wp-json\/wp\/v2\/tags?post=267741"}],"curies":[{"name":"wp","href":"https:\/\/api.w.org\/{rel}","templated":true}]}}